{"id":20806,"date":"2024-10-09T13:03:18","date_gmt":"2024-10-09T16:03:18","guid":{"rendered":"https:\/\/dgospel.com.br\/portal\/?p=20806"},"modified":"2024-10-09T13:03:20","modified_gmt":"2024-10-09T16:03:20","slug":"36-detentos-aceitam-jesus-em-presidio-de-seguranca-maxima-de-maceio","status":"publish","type":"post","link":"https:\/\/dgospel.com.br\/portal\/index.php\/2024\/10\/09\/36-detentos-aceitam-jesus-em-presidio-de-seguranca-maxima-de-maceio\/","title":{"rendered":"36 detentos aceitam Jesus em pres\u00eddio de seguran\u00e7a m\u00e1xima de Macei\u00f3"},"content":{"rendered":"\n<p>O Pres\u00eddio de Seguran\u00e7a M\u00e1xima de Macei\u00f3 (PSM2), na capital do estado de&nbsp;<strong><a href=\"https:\/\/www.guiame.com.br\/gospel\/noticias\/igreja-tem-parede-quebrada-e-instrumentos-musicais-destruidos-em-alagoas.html\">Alagoas<\/a><\/strong>, recebeu volunt\u00e1rios do programa social Universal nos Pres\u00eddios (UNP) para a realiza\u00e7\u00e3o de um culto com a participa\u00e7\u00e3o dos detentos.<\/p>\n\n\n\n<p>O evento evangel\u00edstico, conduzido pelo pastor Ant\u00f4nio Barreto, teve a dura\u00e7\u00e3o de cerca de duas horas e contou com a presen\u00e7a de 100&nbsp;<strong><a href=\"https:\/\/guiame.com.br\/gospel\/missoes-acao-social\/ministerio-batiza-35-detentos-em-prisao-de-seguranca-maxima-nos-eua.html\">detentos<\/a><\/strong>.<\/p>\n\n\n\n<p>Ap\u00f3s a ministra\u00e7\u00e3o, 36 homens presos na unidade de&nbsp;<strong><a href=\"https:\/\/guiame.com.br\/gospel\/mundo-cristao\/50-detentos-se-entregam-jesus-e-sao-batizados-na-prisao-mais-perigosa-dos-eua\">seguran\u00e7a m\u00e1xima<\/a><\/strong>&nbsp;entregaram suas vidas a Jesus, demonstrando o impacto espiritual da Palavra de Deus em suas vidas.<\/p>\n\n\n\n<p>Segundo o pastor Felipe Lacerda, respons\u00e1vel pelo trabalho evangel\u00edstico do UNP no estado de Alagoas, a iniciativa foi de extrema import\u00e2ncia.<\/p>\n\n\n\n<p>\u201cTivemos o cuidado com a alma de cada detento que se encontra ali dentro, muitas vezes, esquecido pela fam\u00edlia e desacreditado pela sociedade. Atrav\u00e9s da Palavra de Deus, eles tiveram a oportunidade de come\u00e7ar uma nova vida com Jesus\u201d, disse ele.<\/p>\n\n\n\n<p>O evento contou com a participa\u00e7\u00e3o de quatro volunt\u00e1rios, que contribu\u00edram para a realiza\u00e7\u00e3o do momento de reflex\u00e3o e para a ministra\u00e7\u00e3o da Santa Ceia aos detentos.<\/p>\n\n\n\n<p>A prega\u00e7\u00e3o teve como base o texto b\u00edblico de Jo\u00e3o 8:2 \u2013 \u201cE pela manh\u00e3 cedo tornou para o templo, e todo o povo vinha ter com ele, e, assentando-se, os ensinava.\u201d<\/p>\n\n\n\n<p>O pastor Ant\u00f4nio explicou a todos que a \u201cverdadeira liberdade s\u00f3 \u00e9 encontrada no Senhor Jesus\u201d.<\/p>\n\n\n\n<p>Para Walter Reginaldo, volunt\u00e1rio do UNP em Macei\u00f3, foi um trabalho \u201cglorioso\u201d.<\/p>\n\n\n\n<p>\u201cParticipei da Santa Ceia e foi algo maravilhoso ver aqueles que est\u00e3o cativos da sua liberdade, mas livres dos seus cativeiros espirituais. Que trabalho glorioso! Agrade\u00e7o a Deus por fazer parte dessa obra e poder ajudar, por meio do UNP, os mais necessitados\u201d, disse ele.<\/p>\n","protected":false},"excerpt":{"rendered":"<p>O Pres\u00eddio de Seguran\u00e7a M\u00e1xima de Macei\u00f3 (PSM2), na capital do estado de&nbsp;Alagoas, recebeu volunt\u00e1rios do programa social Universal nos Pres\u00eddios (UNP) para a realiza\u00e7\u00e3o de um culto com a participa\u00e7\u00e3o dos detentos. O evento evangel\u00edstico, conduzido pelo pastor Ant\u00f4nio Barreto, teve a dura\u00e7\u00e3o de cerca de duas horas e contou com a presen\u00e7a de [&hellip;]<\/p>\n","protected":false},"author":2,"featured_media":20807,"comment_status":"open","ping_status":"open","sticky":false,"template":"","format":"standard","meta":[],"categories":[5],"tags":[],"_links":{"self":[{"href":"https:\/\/dgospel.com.br\/portal\/index.php\/wp-json\/wp\/v2\/posts\/20806"}],"collection":[{"href":"https:\/\/dgospel.com.br\/portal\/index.php\/wp-json\/wp\/v2\/posts"}],"about":[{"href":"https:\/\/dgospel.com.br\/portal\/index.php\/wp-json\/wp\/v2\/types\/post"}],"author":[{"embeddable":true,"href":"https:\/\/dgospel.com.br\/portal\/index.php\/wp-json\/wp\/v2\/users\/2"}],"replies":[{"embeddable":true,"href":"https:\/\/dgospel.com.br\/portal\/index.php\/wp-json\/wp\/v2\/comments?post=20806"}],"version-history":[{"count":1,"href":"https:\/\/dgospel.com.br\/portal\/index.php\/wp-json\/wp\/v2\/posts\/20806\/revisions"}],"predecessor-version":[{"id":20808,"href":"https:\/\/dgospel.com.br\/portal\/index.php\/wp-json\/wp\/v2\/posts\/20806\/revisions\/20808"}],"wp:featuredmedia":[{"embeddable":true,"href":"https:\/\/dgospel.com.br\/portal\/index.php\/wp-json\/wp\/v2\/media\/20807"}],"wp:attachment":[{"href":"https:\/\/dgospel.com.br\/portal\/index.php\/wp-json\/wp\/v2\/media?parent=20806"}],"wp:term":[{"taxonomy":"category","embeddable":true,"href":"https:\/\/dgospel.com.br\/portal\/index.php\/wp-json\/wp\/v2\/categories?post=20806"},{"taxonomy":"post_tag","embeddable":true,"href":"https:\/\/dgospel.com.br\/portal\/index.php\/wp-json\/wp\/v2\/tags?post=20806"}],"curies":[{"name":"wp","href":"https:\/\/api.w.org\/{rel}","templated":true}]}}