{"id":20809,"date":"2024-10-09T13:05:52","date_gmt":"2024-10-09T16:05:52","guid":{"rendered":"https:\/\/dgospel.com.br\/portal\/?p=20809"},"modified":"2024-10-09T13:05:55","modified_gmt":"2024-10-09T16:05:55","slug":"ministro-diz-que-nao-pode-aprovar-licitacao-vencida-por-judeus-por-questoes-ideologicas","status":"publish","type":"post","link":"https:\/\/dgospel.com.br\/portal\/index.php\/2024\/10\/09\/ministro-diz-que-nao-pode-aprovar-licitacao-vencida-por-judeus-por-questoes-ideologicas\/","title":{"rendered":"Ministro diz que n\u00e3o pode aprovar licita\u00e7\u00e3o vencida por judeus por quest\u00f5es ideol\u00f3gicas"},"content":{"rendered":"\n<p>O ministro da Defesa, Jos\u00e9 M\u00facio, disse que&nbsp;<strong><a href=\"https:\/\/guiame.com.br\/gospel\/israel\/nacoes-se-enfurecerao-contra-israel-nos-ultimos-dias-lembra-estudioso-biblico.html\">Israel<\/a><\/strong>&nbsp;ganhou uma licita\u00e7\u00e3o promovida por sua pasta, mas a concorr\u00eancia n\u00e3o foi finalizada devido a \u201cquest\u00f5es ideol\u00f3gicas\u201d.<\/p>\n\n\n\n<p>A declara\u00e7\u00e3o foi feita durante um evento na Confedera\u00e7\u00e3o Nacional da Ind\u00fastria (CNI) nesta ter\u00e7a-feira (08).<\/p>\n\n\n\n<p>\u201cA quest\u00e3o diplom\u00e1tica interfere na Defesa\u201d, declarou M\u00facio. \u201cHouve agora uma concorr\u00eancia, uma licita\u00e7\u00e3o, e venceram os judeus, o povo de Israel. Mas, por quest\u00e3o da guerra, do Hamas, os grupos pol\u00edticos, n\u00f3s estamos com essa licita\u00e7\u00e3o pronta, mas por quest\u00f5es ideol\u00f3gicas n\u00f3s n\u00e3o podemos aprovar\u201d.<\/p>\n\n\n\n<p>M\u00facio tamb\u00e9m informou que o Tribunal de Contas da Uni\u00e3o (TCU) n\u00e3o autorizou a concess\u00e3o da licita\u00e7\u00e3o ao segundo colocado e que o minist\u00e9rio est\u00e1 esperando que essas quest\u00f5es sejam resolvidas para que possa apresentar sua defesa.<\/p>\n\n\n\n<p>A acusa\u00e7\u00e3o de que \u201cquest\u00f5es ideol\u00f3gicas\u201d est\u00e3o influenciando a administra\u00e7\u00e3o brasileira surge enquanto o conflito entre Israel e Hamas na Faixa de Gaza&nbsp;<strong><a href=\"https:\/\/guiame.com.br\/gospel\/israel\/7-de-outubro-um-ano-apos-o-ataque-mais-letal-israel-desde-o-holocausto.html\">completa um ano<\/a><\/strong>.<\/p>\n\n\n\n<p>Desde que iniciou seu terceiro mandato, Lula tem adotado uma postura cr\u00edtica em rela\u00e7\u00e3o \u00e0s a\u00e7\u00f5es de Israel no enclave palestino.<\/p>\n\n\n\n<p>Entre as diversas declara\u00e7\u00f5es contra a viol\u00eancia israelense e a de grupos armados no Oriente M\u00e9dio, o presidente brasileiro reiterou suas cr\u00edticas \u00e0 postura do governo de&nbsp;<strong><a href=\"https:\/\/guiame.com.br\/gospel\/noticias\/antissemitismo-engolira-o-mundo-inteiro-se-nao-contido-diz-netanyahu.html\">Benjamin Netanyahu<\/a><\/strong>.<\/p>\n\n\n\n<p>Durante uma entrevista coletiva em Nova York, realizada no dia 25 de setembro, Lula afirmou que as a\u00e7\u00f5es de Israel na regi\u00e3o s\u00e3o equivalentes a \u201cgenoc\u00eddio\u201d.<\/p>\n\n\n\n<p><a href=\"https:\/\/www.instagram.com\/reel\/DA4Xi03RwXk\/?utm_source=ig_embed&amp;ig_rid=38723313-80cd-4b28-b4b2-6d56f54ceefd\">https:\/\/www.instagram.com\/reel\/DA4Xi03RwXk\/?utm_source=ig_embed&amp;ig_rid=38723313-80cd-4b28-b4b2-6d56f54ceefd<\/a><\/p>\n","protected":false},"excerpt":{"rendered":"<p>O ministro da Defesa, Jos\u00e9 M\u00facio, disse que&nbsp;Israel&nbsp;ganhou uma licita\u00e7\u00e3o promovida por sua pasta, mas a concorr\u00eancia n\u00e3o foi finalizada devido a \u201cquest\u00f5es ideol\u00f3gicas\u201d. A declara\u00e7\u00e3o foi feita durante um evento na Confedera\u00e7\u00e3o Nacional da Ind\u00fastria (CNI) nesta ter\u00e7a-feira (08). \u201cA quest\u00e3o diplom\u00e1tica interfere na Defesa\u201d, declarou M\u00facio. \u201cHouve agora uma concorr\u00eancia, uma licita\u00e7\u00e3o, e [&hellip;]<\/p>\n","protected":false},"author":2,"featured_media":20810,"comment_status":"open","ping_status":"open","sticky":false,"template":"","format":"standard","meta":[],"categories":[10],"tags":[],"_links":{"self":[{"href":"https:\/\/dgospel.com.br\/portal\/index.php\/wp-json\/wp\/v2\/posts\/20809"}],"collection":[{"href":"https:\/\/dgospel.com.br\/portal\/index.php\/wp-json\/wp\/v2\/posts"}],"about":[{"href":"https:\/\/dgospel.com.br\/portal\/index.php\/wp-json\/wp\/v2\/types\/post"}],"author":[{"embeddable":true,"href":"https:\/\/dgospel.com.br\/portal\/index.php\/wp-json\/wp\/v2\/users\/2"}],"replies":[{"embeddable":true,"href":"https:\/\/dgospel.com.br\/portal\/index.php\/wp-json\/wp\/v2\/comments?post=20809"}],"version-history":[{"count":1,"href":"https:\/\/dgospel.com.br\/portal\/index.php\/wp-json\/wp\/v2\/posts\/20809\/revisions"}],"predecessor-version":[{"id":20811,"href":"https:\/\/dgospel.com.br\/portal\/index.php\/wp-json\/wp\/v2\/posts\/20809\/revisions\/20811"}],"wp:featuredmedia":[{"embeddable":true,"href":"https:\/\/dgospel.com.br\/portal\/index.php\/wp-json\/wp\/v2\/media\/20810"}],"wp:attachment":[{"href":"https:\/\/dgospel.com.br\/portal\/index.php\/wp-json\/wp\/v2\/media?parent=20809"}],"wp:term":[{"taxonomy":"category","embeddable":true,"href":"https:\/\/dgospel.com.br\/portal\/index.php\/wp-json\/wp\/v2\/categories?post=20809"},{"taxonomy":"post_tag","embeddable":true,"href":"https:\/\/dgospel.com.br\/portal\/index.php\/wp-json\/wp\/v2\/tags?post=20809"}],"curies":[{"name":"wp","href":"https:\/\/api.w.org\/{rel}","templated":true}]}}