{"id":2083,"date":"2018-12-17T12:08:48","date_gmt":"2018-12-17T14:08:48","guid":{"rendered":"http:\/\/dgospel.com.br\/portal\/?p=2083"},"modified":"2018-12-17T12:08:48","modified_gmt":"2018-12-17T14:08:48","slug":"tocantins-e-santa-catarina-sao-parceiros-na-formacao-de-agentes-do-sistema-penitenciario","status":"publish","type":"post","link":"https:\/\/dgospel.com.br\/portal\/index.php\/2018\/12\/17\/tocantins-e-santa-catarina-sao-parceiros-na-formacao-de-agentes-do-sistema-penitenciario\/","title":{"rendered":"Tocantins e Santa Catarina s\u00e3o parceiros na forma\u00e7\u00e3o de agentes do Sistema Penitenci\u00e1rio"},"content":{"rendered":"<p>Agentes do Sistema Penitenci\u00e1rio e Prisional (Sispen) do Tocantins conclu\u00edram com \u00eaxito a participa\u00e7\u00e3o no 9\u00ba Curso de T\u00e9cnicas Operacionais Penitenci\u00e1rias (TOP), realizado pelo Governo de Santa Catarina. O curso, que come\u00e7ou em 26 de novembro com dura\u00e7\u00e3o de 20 dias e um total de 33 alunos, sendo tr\u00eas do Tocantins, foi realizado pela Secretaria de Estado da Justi\u00e7a e Cidadania catarinense (SJC-SC) no Complexo Penitenci\u00e1rio de Chapec\u00f3.<\/p>\n<p>A forma\u00e7\u00e3o profissional de agentes \u00e9 uma das marcas da Academia de Justi\u00e7a e Cidadania (Acadejuc), refer\u00eancia no Brasil e at\u00e9 no exterior. Nesta nova edi\u00e7\u00e3o, al\u00e9m dos alunos do Sistema Penitenci\u00e1rio Federal, participaram representantes dos estados do Acre, do Tocantins e 13 agentes penitenci\u00e1rios das prov\u00edncias de Misiones e de Santa F\u00e9, na Argentina. Do Tocantins, obtiveram aprova\u00e7\u00e3o os agentes Eliakim de Sousa Moraes, Roneis Cavalcante da Silva, e Jos\u00e9 Ant\u00f4nio Menezes Marinho.<\/p>\n<p>O 9\u00ba TOP foi realizado no rec\u00e9m inaugurado Centro de Treinamento T\u00e1tico Operacional Penitenci\u00e1rio da 6\u00aa Regi\u00e3o, um espa\u00e7o com estande de tiro, sala de aula, cen\u00e1rio para simula\u00e7\u00f5es de emboscada e situa\u00e7\u00f5es de crise em escoltas.<\/p>\n<p>Segundo o superintendente do Sispen To, Orleanes Alves, ap\u00f3s a conclus\u00e3o do TOP, os agentes tocantinenses est\u00e3o habilitados para participar de uma etapa mais avan\u00e7ada do curso pela mesma institui\u00e7\u00e3o. \u201cEsse relacionamento com o estado de Santa Catarina resulta de articula\u00e7\u00f5es dentro do Consej, (Conselho Nacional dos Secret\u00e1rios de Estado da Justi\u00e7a, Cidadania, Direitos Humanos e Administra\u00e7\u00e3o Prisional), do qual o Tocantins faz parte. Desde ent\u00e3o, j\u00e1 foi poss\u00edvel formar pela Acadejuc mais de 10 servidores tocantinenses, incluindo at\u00e9 um do Sistema Socioeducativo\u201d, lembra.<\/p>\n<p>&nbsp;<\/p>\n","protected":false},"excerpt":{"rendered":"<p>Agentes do Sistema Penitenci\u00e1rio e Prisional (Sispen) do Tocantins conclu\u00edram com \u00eaxito a participa\u00e7\u00e3o no 9\u00ba Curso de T\u00e9cnicas Operacionais Penitenci\u00e1rias (TOP), realizado pelo Governo de Santa Catarina. O curso, que come\u00e7ou em 26 de novembro com dura\u00e7\u00e3o de 20 dias e um total de 33 alunos, sendo tr\u00eas do Tocantins, foi realizado pela Secretaria [&hellip;]<\/p>\n","protected":false},"author":2,"featured_media":2084,"comment_status":"open","ping_status":"open","sticky":false,"template":"","format":"standard","meta":[],"categories":[2,3],"tags":[],"_links":{"self":[{"href":"https:\/\/dgospel.com.br\/portal\/index.php\/wp-json\/wp\/v2\/posts\/2083"}],"collection":[{"href":"https:\/\/dgospel.com.br\/portal\/index.php\/wp-json\/wp\/v2\/posts"}],"about":[{"href":"https:\/\/dgospel.com.br\/portal\/index.php\/wp-json\/wp\/v2\/types\/post"}],"author":[{"embeddable":true,"href":"https:\/\/dgospel.com.br\/portal\/index.php\/wp-json\/wp\/v2\/users\/2"}],"replies":[{"embeddable":true,"href":"https:\/\/dgospel.com.br\/portal\/index.php\/wp-json\/wp\/v2\/comments?post=2083"}],"version-history":[{"count":1,"href":"https:\/\/dgospel.com.br\/portal\/index.php\/wp-json\/wp\/v2\/posts\/2083\/revisions"}],"predecessor-version":[{"id":2085,"href":"https:\/\/dgospel.com.br\/portal\/index.php\/wp-json\/wp\/v2\/posts\/2083\/revisions\/2085"}],"wp:featuredmedia":[{"embeddable":true,"href":"https:\/\/dgospel.com.br\/portal\/index.php\/wp-json\/wp\/v2\/media\/2084"}],"wp:attachment":[{"href":"https:\/\/dgospel.com.br\/portal\/index.php\/wp-json\/wp\/v2\/media?parent=2083"}],"wp:term":[{"taxonomy":"category","embeddable":true,"href":"https:\/\/dgospel.com.br\/portal\/index.php\/wp-json\/wp\/v2\/categories?post=2083"},{"taxonomy":"post_tag","embeddable":true,"href":"https:\/\/dgospel.com.br\/portal\/index.php\/wp-json\/wp\/v2\/tags?post=2083"}],"curies":[{"name":"wp","href":"https:\/\/api.w.org\/{rel}","templated":true}]}}