{"id":20834,"date":"2024-10-11T10:06:37","date_gmt":"2024-10-11T13:06:37","guid":{"rendered":"https:\/\/dgospel.com.br\/portal\/?p=20834"},"modified":"2024-10-11T10:06:39","modified_gmt":"2024-10-11T13:06:39","slug":"5-000-cristaos-se-reunem-na-bulgaria-para-orar-pelo-avanco-do-evangelho-no-mundo","status":"publish","type":"post","link":"https:\/\/dgospel.com.br\/portal\/index.php\/2024\/10\/11\/5-000-cristaos-se-reunem-na-bulgaria-para-orar-pelo-avanco-do-evangelho-no-mundo\/","title":{"rendered":"5.000 crist\u00e3os se re\u00fanem na Bulg\u00e1ria para orar pelo avan\u00e7o do Evangelho no mundo"},"content":{"rendered":"\n<p>No \u00faltimo s\u00e1bado (5), cerca de cinco mil crist\u00e3os evang\u00e9licos se reuniram na&nbsp;<a href=\"https:\/\/www.guiame.com.br\/busca?termo=Bulg%C3%A1ria+\"><strong>Bulg\u00e1ria&nbsp;<\/strong><\/a>no 7\u00ba&nbsp;<a href=\"https:\/\/www.guiame.com.br\/busca?termo=dia+nacional+de+ora%C3%A7%C3%A3o\"><strong>Dia Nacional de Ora\u00e7\u00e3o<\/strong><\/a>&nbsp;pelo pa\u00eds e pelo mundo.<\/p>\n\n\n\n<p>O evento anual ocorreu na Arena Burgas com o objetivo de unir os crist\u00e3os em ora\u00e7\u00e3o por sua na\u00e7\u00e3o, pelo mundo e pelo avan\u00e7o do Evangelho.<\/p>\n\n\n\n<p>Os organizadores relataram que cerca de 5.000 pessoas compareceram, enquanto cerca de 1.000 indiv\u00edduos participaram atrav\u00e9s da transmiss\u00e3o ao vivo.<\/p>\n\n\n\n<p>O munic\u00edpio de Burgas, como parceiro oficial do evento, ressaltou a contribui\u00e7\u00e3o significativa das comunidades crist\u00e3s para o bem-estar local e nacional.&nbsp;<\/p>\n\n\n\n<p>O prefeito Dimitar Nikolov fez um discurso aos participantes, enfatizando a import\u00e2ncia da ora\u00e7\u00e3o para fomentar a bondade e o amor entre as pessoas:<\/p>\n\n\n\n<p>\u201cVamos abrir nossos cora\u00e7\u00f5es para a luz. Quando pedimos algo em ora\u00e7\u00e3o com f\u00e9 forte, n\u00f3s o receberemos. Burgas sempre os receber\u00e1 de bra\u00e7os abertos\u201d.<\/p>\n\n\n\n<p>Na ocasi\u00e3o, v\u00e1rias figuras p\u00fablicas compareceram, incluindo o Presidente do Conselho Municipal de Burgas, Mihail Hadzhiyanev, e o Mediador P\u00fablico de Burgas, Todor Stamboliev.<\/p>\n\n\n\n<p>\u201cAntigamente, quart\u00e9is militares ficavam onde a Arena Burgas est\u00e1 hoje. Hoje, um poderoso ex\u00e9rcito espiritual se reuniu aqui\u201d, disse um pastor local.<\/p>\n\n\n\n<p><strong>Orando pela na\u00e7\u00e3o<\/strong><\/p>\n\n\n\n<p>O pastor Zhivko Tonchev de Burgas liderou um momento de ora\u00e7\u00e3o pelo governo e economia do pa\u00eds, destacando valores como trabalho duro, honestidade e dilig\u00eancia.&nbsp;<\/p>\n\n\n\n<p>Ele enfatizou a necessidade de buscar o benef\u00edcio dos outros como base para o crescimento espiritual: \u201cSomente com a ajuda de Deus podemos ser libertos do esp\u00edrito de engano\u201d.<\/p>\n\n\n\n<p>O evento n\u00e3o apenas proporcionou encorajamento espiritual, mas tamb\u00e9m refor\u00e7ou o compromisso das igrejas evang\u00e9licas em promover valores morais e espirituais na sociedade b\u00falgara.<\/p>\n\n\n\n<p>O \u201cDia Nacional de Ora\u00e7\u00e3o pela Bulg\u00e1ria e pelo Mundo\u201d \u00e9 uma iniciativa do Movimento Geral de Ora\u00e7\u00e3o e Irmandade, estabelecido em mar\u00e7o de 2017 na cidade de Stara Zagora.<\/p>\n\n\n\n<p>No in\u00edcio, cerca de 80 pastores e l\u00edderes de igrejas de v\u00e1rias denomina\u00e7\u00f5es evang\u00e9licas assinaram um acordo para unir seus esfor\u00e7os para reuni\u00f5es de ora\u00e7\u00e3o regionais e nacionais, promovendo a fraternidade b\u00edblica.&nbsp;<\/p>\n\n\n\n<p>O movimento se esfor\u00e7a para&nbsp;<a href=\"https:\/\/www.guiame.com.br\/busca?termo=unidade+da+igreja\"><strong>encorajar a unidade<\/strong><\/a>&nbsp;entre os crentes, apesar das diferen\u00e7as denominacionais, e para inspirar comunidades de igrejas a se envolverem em atos de amor fraternal.<\/p>\n\n\n\n<p>\u201cQuando oramos juntos, Deus ouve nossas ora\u00e7\u00f5es e responde com poder\u201d, afirmou um dos palestrantes.<\/p>\n\n\n\n<p><strong>Pedidos de ora\u00e7\u00e3o<\/strong><\/p>\n\n\n\n<p>Os pedidos de ora\u00e7\u00e3o foram anunciados com anteced\u00eancia, e inclu\u00edam ora\u00e7\u00f5es por salva\u00e7\u00e3o, crescimento espiritual, unidade entre os fi\u00e9is e paz mundial.<\/p>\n\n\n\n<p>O pastor Valentin Georgiev, anfitri\u00e3o do evento, informou que representantes de igrejas na Turquia, Coreia do Sul, v\u00e1rios pa\u00edses europeus e congrega\u00e7\u00f5es crist\u00e3s b\u00falgaras no Reino Unido estavam presentes no local.<\/p>\n\n\n\n<p>\u201cNossas palavras em ora\u00e7\u00e3o n\u00e3o devem ser previs\u00edveis, indiferentes ou vazias. O desafio para n\u00f3s \u00e9 clamar por mudan\u00e7as em nossas fam\u00edlias, locais de trabalho, sociedade e igrejas, porque a ora\u00e7\u00e3o muda tudo\u201d, declarou ele.<\/p>\n\n\n\n<p>No local outros pastores tamb\u00e9m oraram pela b\u00ean\u00e7\u00e3o e prote\u00e7\u00e3o de Deus, pela pr\u00f3xima gera\u00e7\u00e3o de crentes e pelo poder do Esp\u00edrito Santo e Seus dons nos minist\u00e9rios.<\/p>\n\n\n\n<p>Um ponto importante do Dia Nacional de Ora\u00e7\u00e3o deste ano foi a participa\u00e7\u00e3o de representantes de igrejas evang\u00e9licas b\u00falgaras no Reino Unido.&nbsp;<\/p>\n\n\n\n<p>Antes do encerramento da reuni\u00e3o, foi anunciada a data para o pr\u00f3ximo Dia Nacional de Ora\u00e7\u00e3o: 4 de outubro de 2025. O local ser\u00e1 definido em uma reuni\u00e3o de planejamento dos pastores em mar\u00e7o.<\/p>\n\n\n\n<p>\u201cEstou profundamente impressionado com a ora\u00e7\u00e3o de hoje. Este evento \u00e9 \u00fanico em sua escala e natureza. Existem poucos pa\u00edses no mundo onde crentes de v\u00e1rias denomina\u00e7\u00f5es crist\u00e3s se re\u00fanem para orar com tanta paix\u00e3o\u201d, concluiu o coordenador regional pastor Georgiev.<\/p>\n","protected":false},"excerpt":{"rendered":"<p>No \u00faltimo s\u00e1bado (5), cerca de cinco mil crist\u00e3os evang\u00e9licos se reuniram na&nbsp;Bulg\u00e1ria&nbsp;no 7\u00ba&nbsp;Dia Nacional de Ora\u00e7\u00e3o&nbsp;pelo pa\u00eds e pelo mundo. O evento anual ocorreu na Arena Burgas com o objetivo de unir os crist\u00e3os em ora\u00e7\u00e3o por sua na\u00e7\u00e3o, pelo mundo e pelo avan\u00e7o do Evangelho. Os organizadores relataram que cerca de 5.000 pessoas [&hellip;]<\/p>\n","protected":false},"author":2,"featured_media":20835,"comment_status":"open","ping_status":"closed","sticky":false,"template":"","format":"standard","meta":[],"categories":[12,16],"tags":[],"_links":{"self":[{"href":"https:\/\/dgospel.com.br\/portal\/index.php\/wp-json\/wp\/v2\/posts\/20834"}],"collection":[{"href":"https:\/\/dgospel.com.br\/portal\/index.php\/wp-json\/wp\/v2\/posts"}],"about":[{"href":"https:\/\/dgospel.com.br\/portal\/index.php\/wp-json\/wp\/v2\/types\/post"}],"author":[{"embeddable":true,"href":"https:\/\/dgospel.com.br\/portal\/index.php\/wp-json\/wp\/v2\/users\/2"}],"replies":[{"embeddable":true,"href":"https:\/\/dgospel.com.br\/portal\/index.php\/wp-json\/wp\/v2\/comments?post=20834"}],"version-history":[{"count":1,"href":"https:\/\/dgospel.com.br\/portal\/index.php\/wp-json\/wp\/v2\/posts\/20834\/revisions"}],"predecessor-version":[{"id":20836,"href":"https:\/\/dgospel.com.br\/portal\/index.php\/wp-json\/wp\/v2\/posts\/20834\/revisions\/20836"}],"wp:featuredmedia":[{"embeddable":true,"href":"https:\/\/dgospel.com.br\/portal\/index.php\/wp-json\/wp\/v2\/media\/20835"}],"wp:attachment":[{"href":"https:\/\/dgospel.com.br\/portal\/index.php\/wp-json\/wp\/v2\/media?parent=20834"}],"wp:term":[{"taxonomy":"category","embeddable":true,"href":"https:\/\/dgospel.com.br\/portal\/index.php\/wp-json\/wp\/v2\/categories?post=20834"},{"taxonomy":"post_tag","embeddable":true,"href":"https:\/\/dgospel.com.br\/portal\/index.php\/wp-json\/wp\/v2\/tags?post=20834"}],"curies":[{"name":"wp","href":"https:\/\/api.w.org\/{rel}","templated":true}]}}