{"id":20837,"date":"2024-10-11T10:09:35","date_gmt":"2024-10-11T13:09:35","guid":{"rendered":"https:\/\/dgospel.com.br\/portal\/?p=20837"},"modified":"2024-10-11T10:09:36","modified_gmt":"2024-10-11T13:09:36","slug":"mais-de-2-300-jovens-aceitam-jesus-em-festival-de-avivamento-na-alemanha","status":"publish","type":"post","link":"https:\/\/dgospel.com.br\/portal\/index.php\/2024\/10\/11\/mais-de-2-300-jovens-aceitam-jesus-em-festival-de-avivamento-na-alemanha\/","title":{"rendered":"Mais de 2.300 jovens aceitam Jesus em festival de avivamento na Alemanha"},"content":{"rendered":"\n<p>Mais de 2.300 jovens se renderam a Cristo durante um festival de avivamento na&nbsp;<a href=\"https:\/\/guiame.com.br\/gospel\/mundo-cristao\/apenas-cristaos-evangelicos-leem-biblia-regularmente-na-alemanha-revela-pesquisa.html\"><strong>Alemanha<\/strong><\/a>, na semana passada.<\/p>\n\n\n\n<p>O \u201cFire Festival\u201d reuniu uma multid\u00e3o de 15 mil pessoas na Porsche Arena, na cidade de Stuttgart, de 1 a 5 de outubro.<\/p>\n\n\n\n<p>O evento foi realizado pelo Movimento \u201cHoly Spirit Night\u201d em parceria com a igreja Gospel F\u00f3rum, com o prop\u00f3sito de despertar a gera\u00e7\u00e3o atual a buscar o Esp\u00edrito Santo.&nbsp;<\/p>\n\n\n\n<p>\u201cTestemunhamos muitas curas, liberta\u00e7\u00f5es e uma manifesta\u00e7\u00e3o tang\u00edvel do poder de Deus durante os dias do festival\u201d, testemunhou Markus Wenz, diretor do \u201cHoly Spirit Night\u201d, em entrevista exclusiva ao&nbsp;<strong>Guiame<\/strong>.<\/p>\n\n\n\n<p>Al\u00e9m disso, aproximadamente 80 pessoas foram batizadas no \u201cFire Festival\u201d. O festival contou com workshops de evangelismo, adora\u00e7\u00e3o, arte, lideran\u00e7a, redes sociais e identidade. E tamb\u00e9m palestras com evangelistas da Europa, culto de ora\u00e7\u00e3o e evangelismo de rua.<\/p>\n\n\n\n<p>Representando o Brasil, a mission\u00e1ria Elaine Arruda e o DJ crist\u00e3o Gui Brazil marcaram presen\u00e7a no festival.&nbsp;<\/p>\n\n\n\n<p>Em postagem no instagram, Gui comentou: \u201cAinda estou digerindo tudo que vivemos na presen\u00e7a de Deus, noite que certamente ficar\u00e1 marcada para sempre, pessoas com fome de Deus na Alemanha. Toda gl\u00f3ria seja dada ao nosso Deus\u201d.<\/p>\n\n\n\n<p>A programa\u00e7\u00e3o tamb\u00e9m incluiu a&nbsp;<a href=\"https:\/\/guiame.com.br\/gospel\/mundo-cristao\/despertar-de-deus-mais-de-5-mil-pessoas-exaltam-jesus-nas-ruas-da-alemanha.html\"><strong>Marcha para Jesus<\/strong><\/a>, que reuniu mais de 5 mil pessoas nas ruas de Stuttgart, e a confer\u00eancia de encerramento na Porsche Arena, um dos maiores espa\u00e7os da regi\u00e3o.<\/p>\n\n\n\n<p>Markus Wenz relatou que mais testemunhos de participantes impactados por Deus chegaram ap\u00f3s o festival.<\/p>\n\n\n\n<p>\u201cJ\u00e1 recebemos mais de 100 respostas escritas onde as pessoas compartilharam experi\u00eancias profundas durante o festival \u2013 incluindo curas, encorajamento e encontros com o Evangelho nas ruas. Estamos gratos pelos numerosos testemunhos pessoais que nos chegaram\u201d, destacou o l\u00edder.<\/p>\n\n\n\n<p>O Movimento \u201cHoly Spirit Night\u201d (\u201cNoites do Esp\u00edrito Santo\u201d) foi fundado pelo pastor Markus Wenz h\u00e1 20 anos, com o objetivo de pregar o poder do Evangelho e incentivar a busca pelo mover do Esp\u00edrito Santo.<\/p>\n\n\n\n<p>Hoje, o movimento realiza cultos de avivamento em 15 pa\u00edses e 35 cidades do continente europeu. Em uma Europa considerada&nbsp;<a href=\"https:\/\/guiame.com.br\/gospel\/noticias\/projeto-de-lei-na-alemanha-quer-proibir-oracoes-em-torno-de-clinicas-de-aborto.html\"><strong>p\u00f3s-crist\u00e3<\/strong><\/a>, a organiza\u00e7\u00e3o est\u00e1 promovendo um despertar espiritual.<\/p>\n\n\n\n<p>\u201cNossa motiva\u00e7\u00e3o \u00e9 a paix\u00e3o pelo Esp\u00edrito Santo. Ou seja, Ele \u00e9 o centro da noite e o objetivo \u00e9 encontr\u00e1-lo. As \u2018Noites do Esp\u00edrito Santo\u2019 s\u00e3o caracterizadas pelo louvor, ora\u00e7\u00e3o, proclama\u00e7\u00e3o e liberdade de deixar o Esp\u00edrito Santo trabalhar!\u201d, afirmou o movimento em seu site.<\/p>\n\n\n\n<p><img src=\"https:\/\/thumbor.guiame.com.br\/unsafe\/smart\/https:\/\/media.guiame.com.br\/archives\/2024\/10\/10\/2901084519-.jpg\" alt=\"\" width=\"600\"><br><sup>O pastor&nbsp;Markus Wenz.&nbsp;<\/sup><sup>(Foto: Holy Spirit Night Movement).<\/sup><\/p>\n\n\n\n<p><strong>Cristianismo na Alemanha<\/strong><\/p>\n\n\n\n<p>O Fire Festival, com convers\u00f5es e curas, acontece em um momento de grande crise espiritual no pa\u00eds. A previs\u00e3o de estudiosos \u00e9 que centenas de templos cat\u00f3licos e protestantes devem fechar na Alemanha na pr\u00f3xima d\u00e9cada.&nbsp;<\/p>\n\n\n\n<p>O principal motivo \u00e9 a queda no n\u00famero de membros dessas duas maiores institui\u00e7\u00f5es crist\u00e3s, o que est\u00e1 for\u00e7ando a venda ou demoli\u00e7\u00e3o dos edif\u00edcios.<\/p>\n\n\n\n<p>Segundo uma investiga\u00e7\u00e3o do jornal alem\u00e3o S\u00fcddeutsche Zeitung, 603 templos cat\u00f3licos romanos e 444 locais de culto da Igreja Evang\u00e9lica da Alemanha (EKD), a principal igreja protestante, foram &#8220;desconsagrados&#8221;, ou seja, n\u00e3o ser\u00e3o mais utilizados para cultos.<\/p>\n\n\n\n<p>No caso da Igreja Protestante, os edif\u00edcios foram vendidos ou demolidos. Muitas agora s\u00e3o utilizadas para fins privados, como restaurantes, academias ou lojas, pelos novos propriet\u00e1rios.<\/p>\n\n\n\n<p>At\u00e9 2033, \u201cuma em cada quatro ou cinco igrejas n\u00e3o ser\u00e1 mais usada para seu prop\u00f3sito original\u201d, afirma a professora de arquitetura Stefanie Lieb. Ela estima que, na pr\u00e1tica, cerca de 10.000 templos deixar\u00e3o de realizar cultos.<\/p>\n\n\n\n<p>A raz\u00e3o para essa situa\u00e7\u00e3o \u00e9 a cont\u00ednua diminui\u00e7\u00e3o no n\u00famero de membros das duas igrejas. Em 2023, a Igreja Cat\u00f3lica Romana na Alemanha perdeu 628.000 membros, enquanto a Igreja Evang\u00e9lica da Alemanha (EKD) viu uma perda de 593.000 membros.<\/p>\n\n\n\n<p>A principal causa \u00e9 a sa\u00edda intencional de membros que n\u00e3o se identificam mais com as igrejas. Al\u00e9m disso, as estat\u00edsticas negativas tamb\u00e9m s\u00e3o impactadas pelo falecimento de membros e pela redu\u00e7\u00e3o no n\u00famero de batismos de rec\u00e9m-nascidos.<\/p>\n\n\n\n<p>Em um momento como este, eventos como o &#8220;Fire Festival\u201d mostram que a Igreja alem\u00e3 est\u00e1 viva e que h\u00e1 crist\u00e3os dispostos a continuar a prega\u00e7\u00e3o do Evangelho.<\/p>\n\n\n\n<p><a href=\"https:\/\/www.instagram.com\/reel\/DAvvlYnCCQH\/?utm_source=ig_embed&amp;ig_rid=e6e267b1-049a-4197-bd3c-fcfcb0d8430c\">https:\/\/www.instagram.com\/reel\/DAvvlYnCCQH\/?utm_source=ig_embed&amp;ig_rid=e6e267b1-049a-4197-bd3c-fcfcb0d8430c<\/a><\/p>\n\n\n\n<p><a href=\"https:\/\/www.instagram.com\/p\/DA6JTTWOyQ1\/?utm_source=ig_embed&amp;ig_rid=cbcae12f-4c25-4ede-a29a-5c17d6e4ff8e\">https:\/\/www.instagram.com\/p\/DA6JTTWOyQ1\/?utm_source=ig_embed&amp;ig_rid=cbcae12f-4c25-4ede-a29a-5c17d6e4ff8e<\/a><\/p>\n","protected":false},"excerpt":{"rendered":"<p>Mais de 2.300 jovens se renderam a Cristo durante um festival de avivamento na&nbsp;Alemanha, na semana passada. O \u201cFire Festival\u201d reuniu uma multid\u00e3o de 15 mil pessoas na Porsche Arena, na cidade de Stuttgart, de 1 a 5 de outubro. O evento foi realizado pelo Movimento \u201cHoly Spirit Night\u201d em parceria com a igreja Gospel [&hellip;]<\/p>\n","protected":false},"author":2,"featured_media":20838,"comment_status":"open","ping_status":"open","sticky":false,"template":"","format":"standard","meta":[],"categories":[12,16],"tags":[],"_links":{"self":[{"href":"https:\/\/dgospel.com.br\/portal\/index.php\/wp-json\/wp\/v2\/posts\/20837"}],"collection":[{"href":"https:\/\/dgospel.com.br\/portal\/index.php\/wp-json\/wp\/v2\/posts"}],"about":[{"href":"https:\/\/dgospel.com.br\/portal\/index.php\/wp-json\/wp\/v2\/types\/post"}],"author":[{"embeddable":true,"href":"https:\/\/dgospel.com.br\/portal\/index.php\/wp-json\/wp\/v2\/users\/2"}],"replies":[{"embeddable":true,"href":"https:\/\/dgospel.com.br\/portal\/index.php\/wp-json\/wp\/v2\/comments?post=20837"}],"version-history":[{"count":1,"href":"https:\/\/dgospel.com.br\/portal\/index.php\/wp-json\/wp\/v2\/posts\/20837\/revisions"}],"predecessor-version":[{"id":20839,"href":"https:\/\/dgospel.com.br\/portal\/index.php\/wp-json\/wp\/v2\/posts\/20837\/revisions\/20839"}],"wp:featuredmedia":[{"embeddable":true,"href":"https:\/\/dgospel.com.br\/portal\/index.php\/wp-json\/wp\/v2\/media\/20838"}],"wp:attachment":[{"href":"https:\/\/dgospel.com.br\/portal\/index.php\/wp-json\/wp\/v2\/media?parent=20837"}],"wp:term":[{"taxonomy":"category","embeddable":true,"href":"https:\/\/dgospel.com.br\/portal\/index.php\/wp-json\/wp\/v2\/categories?post=20837"},{"taxonomy":"post_tag","embeddable":true,"href":"https:\/\/dgospel.com.br\/portal\/index.php\/wp-json\/wp\/v2\/tags?post=20837"}],"curies":[{"name":"wp","href":"https:\/\/api.w.org\/{rel}","templated":true}]}}