{"id":2086,"date":"2018-12-17T12:37:28","date_gmt":"2018-12-17T14:37:28","guid":{"rendered":"http:\/\/dgospel.com.br\/portal\/?p=2086"},"modified":"2018-12-17T12:40:11","modified_gmt":"2018-12-17T14:40:11","slug":"australia-reconhece-jerusalem-ocidental-como-capital-de-israel","status":"publish","type":"post","link":"https:\/\/dgospel.com.br\/portal\/index.php\/2018\/12\/17\/australia-reconhece-jerusalem-ocidental-como-capital-de-israel\/","title":{"rendered":"Austr\u00e1lia reconhece Jerusal\u00e9m Ocidental como capital de Israel"},"content":{"rendered":"<p>A Austr\u00e1lia reconheceu oficialmente Jerusal\u00e9m Ocidental como capital de Israel no \u00faltimo s\u00e1bado (15), anunciou o primeiro-ministro\u00a0<a href=\"https:\/\/guiame.com.br\/gospel\/israel\/australia-planeja-transferir-embaixada-em-israel-para-jerusalem.html\"><strong>Scott Morrison<\/strong><\/a>. No entanto, a mudan\u00e7a da embaixada de Tel Aviv para a cidade n\u00e3o ocorrer\u00e1 at\u00e9 que um acordo de paz seja estabelecido.<\/p>\n<p>\u201cO governo australiano decidiu que a Austr\u00e1lia agora reconhece que Jerusal\u00e9m Ocidental, sede do Knesset (parlamento de Israel) e de muitas das institui\u00e7\u00f5es do governo, \u00e9 a capital de Israel\u201d, disse Morrison.<\/p>\n<p>O primeiro-ministro australiano, que \u00e9 evang\u00e9lico, disse que a decis\u00e3o respeita tanto o compromisso com a solu\u00e7\u00e3o de dois Estados quanto as resolu\u00e7\u00f5es relevantes do Conselho de Seguran\u00e7a da ONU.<\/p>\n<p>Morrison tamb\u00e9m se comprometeu a reconhecer Jerusal\u00e9m Oriental como capital do futuro Estado aspirado pela Palestina, quando o status da cidade for determinado em um acordo de paz.<\/p>\n<p>Enquanto a mudan\u00e7a da embaixada n\u00e3o acontece, Morrison disse que seu governo ir\u00e1 estabelecer um escrit\u00f3rio de Defesa e Com\u00e9rcio em Jerusal\u00e9m e come\u00e7ar\u00e1 a procurar um local apropriado para a embaixada. \u201cEstamos ansiosos para mudar nossa embaixada para Jerusal\u00e9m Ocidental quando for vi\u00e1vel\u201d, acrescentou.<\/p>\n<p>O primeiro-ministro disse que \u00e9 do interesse da Austr\u00e1lia apoiar a \u201cdemocracia liberal\u201d no Oriente M\u00e9dio e se atentar \u00e0s Na\u00e7\u00f5es Unidas, que ele disse ser um lugar onde Israel \u00e9 \u201cintimidado\u201d.<\/p>\n<p>Em junho, a ent\u00e3o ministra das Rela\u00e7\u00f5es Exteriores da Austr\u00e1lia, Julie Bishop, disse que \u201co governo australiano n\u00e3o ir\u00e1 transferir sua embaixada para Jerusal\u00e9m\u201d. Em outubro, dois meses depois de ser eleito o novo primeiro-ministro do pa\u00eds, Morrison anunciou que\u00a0<a href=\"https:\/\/guiame.com.br\/gospel\/israel\/australia-planeja-transferir-embaixada-em-israel-para-jerusalem.html\"><strong>estava \u201cde mente aberta\u201d<\/strong><\/a>\u00a0para o movimento.<\/p>\n<p>Tanto israelenses como palestinos reivindicam Jerusal\u00e9m como sua capital. Israel conquistou Jerusal\u00e9m Oriental na Guerra dos Seis Dias, em 1967, e depois a anexou em um movimento que nunca foi reconhecido pela comunidade internacional. Israel v\u00ea toda a cidade como sua capital.<\/p>\n<p>Durante d\u00e9cadas, a comunidade internacional sustentou que o status de Jerusal\u00e9m deveria ser negociado entre Israel e os palestinos. Cr\u00edticos dizem que declarar que Jerusal\u00e9m como capital do Estado judeu inflama as tens\u00f5es e atrapalha as negocia\u00e7\u00f5es de paz. O governo de\u00a0<a href=\"https:\/\/guiame.com.br\/gospel\/israel\/eua-reconhece-oficialmente-jerusalem-como-capital-de-israel.html\"><strong>Donald Trump reconheceu Jerusal\u00e9m<\/strong><\/a>\u00a0como capital de Israel em dezembro do ano passado e\u00a0<a href=\"https:\/\/guiame.com.br\/gospel\/videos\/estados-unidos-inaugura-sua-embaixada-em-jerusalem-assista.html\"><strong>inaugurou sua embaixada<\/strong><\/a>\u00a0em maio.<\/p>\n<p>&nbsp;<\/p>\n<p style=\"vertical-align: top; margin: 5.25pt 0cm .0001pt 0cm;\"><span style=\"font-size: 8.5pt; font-family: 'Arial','sans-serif'; color: #7d7d7d; text-transform: uppercase;\">FONTE: GUIAME, COM INFORMA\u00c7\u00d5ES DO TIMES OF ISRAEL<\/span><\/p>\n","protected":false},"excerpt":{"rendered":"<p>A Austr\u00e1lia reconheceu oficialmente Jerusal\u00e9m Ocidental como capital de Israel no \u00faltimo s\u00e1bado (15), anunciou o primeiro-ministro\u00a0Scott Morrison. No entanto, a mudan\u00e7a da embaixada de Tel Aviv para a cidade n\u00e3o ocorrer\u00e1 at\u00e9 que um acordo de paz seja estabelecido. \u201cO governo australiano decidiu que a Austr\u00e1lia agora reconhece que Jerusal\u00e9m Ocidental, sede do Knesset [&hellip;]<\/p>\n","protected":false},"author":2,"featured_media":2087,"comment_status":"open","ping_status":"open","sticky":false,"template":"","format":"standard","meta":[],"categories":[2,10],"tags":[],"_links":{"self":[{"href":"https:\/\/dgospel.com.br\/portal\/index.php\/wp-json\/wp\/v2\/posts\/2086"}],"collection":[{"href":"https:\/\/dgospel.com.br\/portal\/index.php\/wp-json\/wp\/v2\/posts"}],"about":[{"href":"https:\/\/dgospel.com.br\/portal\/index.php\/wp-json\/wp\/v2\/types\/post"}],"author":[{"embeddable":true,"href":"https:\/\/dgospel.com.br\/portal\/index.php\/wp-json\/wp\/v2\/users\/2"}],"replies":[{"embeddable":true,"href":"https:\/\/dgospel.com.br\/portal\/index.php\/wp-json\/wp\/v2\/comments?post=2086"}],"version-history":[{"count":3,"href":"https:\/\/dgospel.com.br\/portal\/index.php\/wp-json\/wp\/v2\/posts\/2086\/revisions"}],"predecessor-version":[{"id":2090,"href":"https:\/\/dgospel.com.br\/portal\/index.php\/wp-json\/wp\/v2\/posts\/2086\/revisions\/2090"}],"wp:featuredmedia":[{"embeddable":true,"href":"https:\/\/dgospel.com.br\/portal\/index.php\/wp-json\/wp\/v2\/media\/2087"}],"wp:attachment":[{"href":"https:\/\/dgospel.com.br\/portal\/index.php\/wp-json\/wp\/v2\/media?parent=2086"}],"wp:term":[{"taxonomy":"category","embeddable":true,"href":"https:\/\/dgospel.com.br\/portal\/index.php\/wp-json\/wp\/v2\/categories?post=2086"},{"taxonomy":"post_tag","embeddable":true,"href":"https:\/\/dgospel.com.br\/portal\/index.php\/wp-json\/wp\/v2\/tags?post=2086"}],"curies":[{"name":"wp","href":"https:\/\/api.w.org\/{rel}","templated":true}]}}