{"id":20863,"date":"2024-10-17T10:35:36","date_gmt":"2024-10-17T13:35:36","guid":{"rendered":"https:\/\/dgospel.com.br\/portal\/?p=20863"},"modified":"2024-10-17T10:35:38","modified_gmt":"2024-10-17T13:35:38","slug":"em-comemoracao-ao-mes-das-criancas-governo-do-tocantins-leva-acoes-da-caravana-da-alegria-ao-lar-batista","status":"publish","type":"post","link":"https:\/\/dgospel.com.br\/portal\/index.php\/2024\/10\/17\/em-comemoracao-ao-mes-das-criancas-governo-do-tocantins-leva-acoes-da-caravana-da-alegria-ao-lar-batista\/","title":{"rendered":"Em comemora\u00e7\u00e3o ao m\u00eas das crian\u00e7as, Governo do Tocantins leva a\u00e7\u00f5es da Caravana da Alegria ao Lar Batista"},"content":{"rendered":"\n<p>A primeira-dama do Tocantins e secret\u00e1ria extraordin\u00e1ria de Participa\u00e7\u00f5es Sociais, Karynne Sotero, levou nesta ter\u00e7a-feira, 15, a&nbsp;<em>Caravana da Alegria<\/em>&nbsp;ao Lar Batista F.F. Soren, localizado em Luzimangues, distrito de Porto Nacional, para celebrar o m\u00eas das crian\u00e7as com muitas brincadeiras e solidariedade. A institui\u00e7\u00e3o abriga, atualmente, 13 crian\u00e7as em situa\u00e7\u00e3o de vulnerabilidade social e se prepara para receber mais quatro na pr\u00f3xima semana.<\/p>\n\n\n\n<p>A a\u00e7\u00e3o faz parte do projeto itinerante que percorre diversas comunidades tocantinenses, levando alegria e promovendo o bem-estar infantil por meio de iniciativas que garantem o direito \u00e0 inf\u00e2ncia digna. Na semana passada, a&nbsp;<em>Caravana da Alegria<\/em>&nbsp;passou por tr\u00eas comunidades na regi\u00e3o do Bico do Papagaio, alcan\u00e7ando mais de mil crian\u00e7as.<\/p>\n\n\n\n<p>Durante a manh\u00e3 de brincadeiras, a primeira-dama refor\u00e7ou a import\u00e2ncia de a\u00e7\u00f5es que tragam sorrisos e esperan\u00e7a para as crian\u00e7as, destacando o compromisso da sua gest\u00e3o com as causas sociais. \u201cVer o sorriso no rosto dessas crian\u00e7as \u00e9 o que nos motiva a seguir em frente. Cada brincadeira, cada momento de alegria que compartilhamos aqui no Lar Batista nos lembra da import\u00e2ncia de cuidar e dar amor a essas crian\u00e7as. Hoje&nbsp;<em>[ter\u00e7a-feira,15]<\/em>, n\u00e3o trouxemos apenas divers\u00e3o, trouxemos esperan\u00e7a e carinho. Que esses momentos fiquem marcados no cora\u00e7\u00e3o de cada uma delas, assim como ficam no meu\u201d, ressaltou a primeira-dama Karynne Sotero, que \u00e9 madrinha da institui\u00e7\u00e3o.<\/p>\n\n\n\n<p>A assistente social do Lar Batista, Osmarina Alves de Brito, enfatizou que o momento representa muito para as crian\u00e7as que vivem na institui\u00e7\u00e3o. \u201cS\u00e3o crian\u00e7as que v\u00eam de um contexto bastante vulner\u00e1vel. Ent\u00e3o, a gente acredita que \u00e9 uma esperan\u00e7a que a primeira-dama traz para essas crian\u00e7as. \u00c9 acolher, \u00e9 cuidar, \u00e9 um gesto de amor para todas elas\u201d, pontuou.&nbsp;<\/p>\n\n\n\n<p><strong>Lar Batista<\/strong><\/p>\n\n\n\n<p>Fundado em 1942 \u00e0s margens do Rio Manoel Alves Pequeno, na cidade de Itacaj\u00e1, o Lar Batista foi transferido para Luzimangues, distrito de Porto Nacional, em 2010. A institui\u00e7\u00e3o recebe crian\u00e7as e adolescentes em situa\u00e7\u00e3o de vulnerabilidade social e familiar encaminhados pela Vara da Inf\u00e2ncia e Juventude e pelo Minist\u00e9rio P\u00fablico.<\/p>\n\n\n\n<p><img src=\"https:\/\/central.to.gov.br\/image\/396929?w=670&amp;h=383\"><\/p>\n\n\n\n<p>\u201cVer o sorriso no rosto dessas crian\u00e7as \u00e9 o que nos motiva a seguir em frente\u201d, destacou a primeira-dama Karynne Sotero &#8211; Loise Maria\/Governo do Tocantins&nbsp;<a href=\"https:\/\/central.to.gov.br\/image\/396929?f=1\" target=\"_blank\" rel=\"noreferrer noopener\"><em>file_download<\/em><\/a><\/p>\n\n\n\n<p><img src=\"https:\/\/central.to.gov.br\/image\/396928?w=670&amp;h=383\"><\/p>\n\n\n\n<p>A assistente social do Lar Batista, Osmarina Alves de Brito, enfatizou que o momento representa muito para as crian\u00e7as que vivem na institui\u00e7\u00e3o &#8211; Loise Maria\/Governo do Tocantins&nbsp;<a href=\"https:\/\/central.to.gov.br\/image\/396928?f=1\" target=\"_blank\" rel=\"noreferrer noopener\"><em>file_download<\/em><\/a><\/p>\n","protected":false},"excerpt":{"rendered":"<p>A primeira-dama do Tocantins e secret\u00e1ria extraordin\u00e1ria de Participa\u00e7\u00f5es Sociais, Karynne Sotero, levou nesta ter\u00e7a-feira, 15, a&nbsp;Caravana da Alegria&nbsp;ao Lar Batista F.F. Soren, localizado em Luzimangues, distrito de Porto Nacional, para celebrar o m\u00eas das crian\u00e7as com muitas brincadeiras e solidariedade. A institui\u00e7\u00e3o abriga, atualmente, 13 crian\u00e7as em situa\u00e7\u00e3o de vulnerabilidade social e se prepara [&hellip;]<\/p>\n","protected":false},"author":2,"featured_media":20864,"comment_status":"open","ping_status":"open","sticky":false,"template":"","format":"standard","meta":[],"categories":[3],"tags":[13],"_links":{"self":[{"href":"https:\/\/dgospel.com.br\/portal\/index.php\/wp-json\/wp\/v2\/posts\/20863"}],"collection":[{"href":"https:\/\/dgospel.com.br\/portal\/index.php\/wp-json\/wp\/v2\/posts"}],"about":[{"href":"https:\/\/dgospel.com.br\/portal\/index.php\/wp-json\/wp\/v2\/types\/post"}],"author":[{"embeddable":true,"href":"https:\/\/dgospel.com.br\/portal\/index.php\/wp-json\/wp\/v2\/users\/2"}],"replies":[{"embeddable":true,"href":"https:\/\/dgospel.com.br\/portal\/index.php\/wp-json\/wp\/v2\/comments?post=20863"}],"version-history":[{"count":1,"href":"https:\/\/dgospel.com.br\/portal\/index.php\/wp-json\/wp\/v2\/posts\/20863\/revisions"}],"predecessor-version":[{"id":20865,"href":"https:\/\/dgospel.com.br\/portal\/index.php\/wp-json\/wp\/v2\/posts\/20863\/revisions\/20865"}],"wp:featuredmedia":[{"embeddable":true,"href":"https:\/\/dgospel.com.br\/portal\/index.php\/wp-json\/wp\/v2\/media\/20864"}],"wp:attachment":[{"href":"https:\/\/dgospel.com.br\/portal\/index.php\/wp-json\/wp\/v2\/media?parent=20863"}],"wp:term":[{"taxonomy":"category","embeddable":true,"href":"https:\/\/dgospel.com.br\/portal\/index.php\/wp-json\/wp\/v2\/categories?post=20863"},{"taxonomy":"post_tag","embeddable":true,"href":"https:\/\/dgospel.com.br\/portal\/index.php\/wp-json\/wp\/v2\/tags?post=20863"}],"curies":[{"name":"wp","href":"https:\/\/api.w.org\/{rel}","templated":true}]}}