{"id":20866,"date":"2024-10-17T10:38:39","date_gmt":"2024-10-17T13:38:39","guid":{"rendered":"https:\/\/dgospel.com.br\/portal\/?p=20866"},"modified":"2024-10-17T10:38:40","modified_gmt":"2024-10-17T13:38:40","slug":"policia-militar-promove-workshop-estadual-de-comunicacao-para-profissionais-da-area","status":"publish","type":"post","link":"https:\/\/dgospel.com.br\/portal\/index.php\/2024\/10\/17\/policia-militar-promove-workshop-estadual-de-comunicacao-para-profissionais-da-area\/","title":{"rendered":"Pol\u00edcia Militar promove Workshop Estadual de Comunica\u00e7\u00e3o para profissionais da \u00e1rea"},"content":{"rendered":"\n<p>A Pol\u00edcia Militar (PMTO) deu in\u00edcio nessa ter\u00e7a-feira, 15, ao&nbsp;<em>Workshop Estadual de Comunica\u00e7\u00e3o da PMTO<\/em>, reunindo assessores de imprensa da institui\u00e7\u00e3o que atuam nas Unidades de Pol\u00edcia Militar (UPMs) do Tocantins. A abertura ocorreu pela manh\u00e3 no audit\u00f3rio da Assembleia Legislativa (Aleto), em Palmas, com uma palestra ministrada pelo tenente-coronel Fl\u00e1vio Jackson Ferreira Santiago, oficial da Pol\u00edcia Militar de Minas Gerais (PMMG).<\/p>\n\n\n\n<p>\u201c\u00c9 um momento \u00fanico e de fundamental import\u00e2ncia para a nossa institui\u00e7\u00e3o quando promovemos um evento como este, demonstrando os avan\u00e7os e a preocupa\u00e7\u00e3o que a Pol\u00edcia Militar tem tido com seu p\u00fablico interno\u201d, afirmou o chefe do Estado-Maior da PM, coronel PM Cl\u00e1udio Thomaz Coelho de Souza.<\/p>\n\n\n\n<p>O evento, promovido pela Assessoria de Comunica\u00e7\u00e3o da PM (Ascom), visa capacitar os assessores das UPMs, conhecidos como P\/5, sigla que faz refer\u00eancia \u00e0 5\u00aa Se\u00e7\u00e3o do Estado-Maior Geral da PM.&nbsp;<\/p>\n\n\n\n<p>Para o tenente-coronel PM Leonardo Teixeira, chefe da Assessoria de Comunica\u00e7\u00e3o da PMTO, o alinhamento de a\u00e7\u00f5es dos assessores das unidades com a Ascom Geral \u00e9 de fundamental import\u00e2ncia para o bom desempenho dos trabalhos desenvolvidos pela se\u00e7\u00e3o, que atende tanto os p\u00fablicos internos quanto externos da corpora\u00e7\u00e3o.&nbsp;\u201cO Workshop \u00e9 uma oportunidade \u00edmpar da Pol\u00edcia Militar aperfei\u00e7oar o seu trabalho em todas as unidades operacionais do estado, comunicando-se de forma assertiva a fim de promover mais seguran\u00e7a e tranquilidade p\u00fablica\u201d, pontuou o tenente-coronel.<\/p>\n\n\n\n<p><strong>Sobre o palestrante<\/strong><\/p>\n\n\n\n<p>O tenente-coronel Santiago \u00e9 chefe da Central de Jornalismo da PMMG e autor dos livros:<em>&nbsp;A sombra por tr\u00e1s da onda; Comunidades blindadas; 50 Li\u00e7\u00f5es que podem mudar sua vida; e O dia em que a rosa se livrou dos espinhos<\/em>.<\/p>\n\n\n\n<p>Em sua apresenta\u00e7\u00e3o, ele abordou temas relevantes para o trabalho da assessoria de comunica\u00e7\u00e3o, como marketing e a aplica\u00e7\u00e3o eficaz de&nbsp;<em>storytelling&nbsp;<\/em>nos materiais da institui\u00e7\u00e3o.<\/p>\n\n\n\n<p>\u201cFiquei muito feliz com o convite e pela oportunidade de compartilhar um pouco do conhecimento adquirido nesses nove anos atuando na comunica\u00e7\u00e3o de uma institui\u00e7\u00e3o t\u00e3o importante quanto a Pol\u00edcia Militar. Acredito que as dificuldades e os desafios sejam semelhantes em todo o Brasil\u201d, destacou o tenente-coronel Santiago.<\/p>\n\n\n\n<p><strong>Programa\u00e7\u00e3o<\/strong><\/p>\n\n\n\n<p>A solenidade de abertura contou com a presen\u00e7a do subchefe do Estado-Maior da PM, coronel Marizon Mendes Marques, do vice-presidente da Funda\u00e7\u00e3o Pr\u00f3-Tocantins, coronel BM Cl\u00e9ber Jos\u00e9 Borges Sobrinho e de outras autoridades que prestigiaram o evento.<\/p>\n\n\n\n<p>Nesta quarta-feira, 16, os mais de 80 participantes inscritos, entre policiais militares e servidores civis, participam da capacita\u00e7\u00e3o. A programa\u00e7\u00e3o tamb\u00e9m inclui uma palestra da jornalista e presidente do Sindicato dos Jornalistas do Tocantins (Sindjor), Alessandra Bacelar.&nbsp;<\/p>\n\n\n\n<p>O Workshop segue at\u00e9 quinta-feira, 17, com uma programa\u00e7\u00e3o composta de palestras e oficinas, refor\u00e7ando a import\u00e2ncia da atualiza\u00e7\u00e3o profissional para aqueles que desempenham essa fun\u00e7\u00e3o nas UPMs.<\/p>\n\n\n\n<p><img src=\"https:\/\/central.to.gov.br\/image\/396978?w=670&amp;h=383\"><\/p>\n\n\n\n<p>Tenente-coronel Leonardo Teixeira refor\u00e7ou o compromisso da Ascom com a credibilidade dos trabalhos conduzidos pela Ascom e incentiva alinhamento com as unidades &#8211; Felipe Cruz\/Governo do Tocantins&nbsp;<a href=\"https:\/\/central.to.gov.br\/image\/396978?f=1\" target=\"_blank\" rel=\"noreferrer noopener\"><em>file_download<\/em><\/a><\/p>\n","protected":false},"excerpt":{"rendered":"<p>A Pol\u00edcia Militar (PMTO) deu in\u00edcio nessa ter\u00e7a-feira, 15, ao&nbsp;Workshop Estadual de Comunica\u00e7\u00e3o da PMTO, reunindo assessores de imprensa da institui\u00e7\u00e3o que atuam nas Unidades de Pol\u00edcia Militar (UPMs) do Tocantins. A abertura ocorreu pela manh\u00e3 no audit\u00f3rio da Assembleia Legislativa (Aleto), em Palmas, com uma palestra ministrada pelo tenente-coronel Fl\u00e1vio Jackson Ferreira Santiago, oficial [&hellip;]<\/p>\n","protected":false},"author":2,"featured_media":20867,"comment_status":"open","ping_status":"open","sticky":false,"template":"","format":"standard","meta":[],"categories":[3],"tags":[13],"_links":{"self":[{"href":"https:\/\/dgospel.com.br\/portal\/index.php\/wp-json\/wp\/v2\/posts\/20866"}],"collection":[{"href":"https:\/\/dgospel.com.br\/portal\/index.php\/wp-json\/wp\/v2\/posts"}],"about":[{"href":"https:\/\/dgospel.com.br\/portal\/index.php\/wp-json\/wp\/v2\/types\/post"}],"author":[{"embeddable":true,"href":"https:\/\/dgospel.com.br\/portal\/index.php\/wp-json\/wp\/v2\/users\/2"}],"replies":[{"embeddable":true,"href":"https:\/\/dgospel.com.br\/portal\/index.php\/wp-json\/wp\/v2\/comments?post=20866"}],"version-history":[{"count":1,"href":"https:\/\/dgospel.com.br\/portal\/index.php\/wp-json\/wp\/v2\/posts\/20866\/revisions"}],"predecessor-version":[{"id":20868,"href":"https:\/\/dgospel.com.br\/portal\/index.php\/wp-json\/wp\/v2\/posts\/20866\/revisions\/20868"}],"wp:featuredmedia":[{"embeddable":true,"href":"https:\/\/dgospel.com.br\/portal\/index.php\/wp-json\/wp\/v2\/media\/20867"}],"wp:attachment":[{"href":"https:\/\/dgospel.com.br\/portal\/index.php\/wp-json\/wp\/v2\/media?parent=20866"}],"wp:term":[{"taxonomy":"category","embeddable":true,"href":"https:\/\/dgospel.com.br\/portal\/index.php\/wp-json\/wp\/v2\/categories?post=20866"},{"taxonomy":"post_tag","embeddable":true,"href":"https:\/\/dgospel.com.br\/portal\/index.php\/wp-json\/wp\/v2\/tags?post=20866"}],"curies":[{"name":"wp","href":"https:\/\/api.w.org\/{rel}","templated":true}]}}