{"id":20877,"date":"2024-10-17T11:56:13","date_gmt":"2024-10-17T14:56:13","guid":{"rendered":"https:\/\/dgospel.com.br\/portal\/?p=20877"},"modified":"2024-10-17T11:56:15","modified_gmt":"2024-10-17T14:56:15","slug":"festa-dos-tabernaculos-o-que-e-sucot-e-seu-significado-profetico","status":"publish","type":"post","link":"https:\/\/dgospel.com.br\/portal\/index.php\/2024\/10\/17\/festa-dos-tabernaculos-o-que-e-sucot-e-seu-significado-profetico\/","title":{"rendered":"Festa dos Tabern\u00e1culos: O que \u00e9 Sucot e seu significado prof\u00e9tico"},"content":{"rendered":"\n<p>A guerra de Israel contra o grupo terrorista Hamas completou um ano em 7 de outubro. Dias depois, o pa\u00eds celebrou&nbsp;<strong><a href=\"https:\/\/guiame.com.br\/gospel\/israel\/ataque-do-ira-israel-ocorreu-um-dia-antes-do-rosh-hashana-reflexo-do-mundo-espiritual.html\">Rosh Hashan\u00e1<\/a><\/strong>, o Ano Novo judaico, seguido por outras festas religiosas, como o Yom Kippur e agora Sucot, a Festa dos Tabern\u00e1culos.<\/p>\n\n\n\n<p>Apesar de estar profundamente envolvido na guerra e lutando em sete frentes de batalha, Israel segue observando plenamente os feriados judaicos, como o&nbsp;<strong><a href=\"https:\/\/guiame.com.br\/gospel\/israel\/mais-de-5000-cristaos-marcham-em-jerusalem-para-celebrar-festa-de-sucot\">Sucot<\/a><\/strong>, onde Deus ordena que se alegrem, mesmo em um momento de t\u00e3o profundo luto.<\/p>\n\n\n\n<p>\u201cQuando olhamos para tudo o que Sucot simboliza e aponta nos pr\u00f3ximos dias, somos lembrados de como a alegria do Senhor e sua presen\u00e7a conosco nos leva atrav\u00e9s de tempos de ang\u00fastia e tristeza, proporcionando nova esperan\u00e7a\u201d, declarou Avigayil Rivkah, escritora e palestrante sobre as ra\u00edzes judaicas da f\u00e9 crist\u00e3.<\/p>\n\n\n\n<p><strong>Fundo b\u00edblico de Sucot<\/strong><\/p>\n\n\n\n<p>Sucot, ou a Festa dos Tabern\u00e1culos, \u00e9 reconhecida como a mais importante entre as sete festividades de Israel, sendo frequentemente chamada de \u201cA Festa\u201d.<\/p>\n\n\n\n<p>\u201c\u00c9 uma celebra\u00e7\u00e3o alegre que dura uma semana e acontece quatro dias ap\u00f3s o Yom Kippur, no dia 15 de Tishrei. Essa festividade recorda o per\u00edodo em que Deus habitou com o povo judeu no deserto e tamb\u00e9m simboliza a expectativa do tempo em que Deus habitar\u00e1 conosco novamente no reino messi\u00e2nico\u201d, diz Avigayil.<\/p>\n\n\n\n<p>E continua: \u201cN\u00f3s nos reunimos com amigos, familiares e a comunidade maior para comer, beber, ler, orar e nos alegrar com a Suc\u00e1 (uma morada fr\u00e1gil, constru\u00edda de forma rudimentar, ordenada por Deus em Lev\u00edtico 23)\u201d.<\/p>\n\n\n\n<p>Avigayil tamb\u00e9m conta que essa \u00e9 a hora de convidar h\u00f3spedes, vizinhos e at\u00e9 estranhos para compartilhar uma refei\u00e7\u00e3o na suc\u00e1 para celebrar a provis\u00e3o e b\u00ean\u00e7\u00e3o de Deus. E cita a passagem b\u00edblica correspondente:<\/p>\n\n\n\n<p>\u201cE celebrar\u00e1s a festa das cabines por sete dias, quando tiveres colhido nos produtos da tua eira e do teu presto de vinho. Se regozijares na tua festa, tu, teu filho e tua filha, teu servo e tua serva, o levita, o peregrino, o \u00f3rf\u00e3o e a vi\u00fava que est\u00e1 nas tuas cidades. Durante sete dias guardareis a festa ao Senhor vosso Deus, no lugar que o Senhor quiser, porque o Senhor vosso Deus vos aben\u00e7oar\u00e1 em todos os vossos produtos e em toda a obra das vossas m\u00e3os, para que sejais alegres completamente\u201d (Deuteron\u00f4mio 16:13-16).<\/p>\n\n\n\n<p>A escritora diz ainda que sucot \u00e9 rico em simbolismo messi\u00e2nico.<\/p>\n\n\n\n<p>\u201cQuando Yeshua, o Messias, veio ao mundo e habitou ou tabern\u00e1culo entre n\u00f3s, foi um cumprimento prof\u00e9tico de Sucot\u201d, destaca.<\/p>\n\n\n\n<p>Ela enumera os v\u00e1rios temas dentro da festa:<\/p>\n\n\n\n<p>&nbsp;&nbsp; &#8211; O tempo da nossa alegria<\/p>\n\n\n\n<p>&nbsp;&nbsp; &#8211; O Festival da Dedica\u00e7\u00e3o<\/p>\n\n\n\n<p>&nbsp; &nbsp;&#8211; O Festival da Luz<\/p>\n\n\n\n<p>&nbsp;&nbsp; &#8211; O Festival da Ingathering (que simboliza a colheita das b\u00ean\u00e7\u00e3os)<\/p>\n\n\n\n<p>&nbsp;&nbsp; &#8211; O Festival das Na\u00e7\u00f5es<\/p>\n\n\n\n<p><strong>A esta\u00e7\u00e3o da nossa alegria<\/strong><\/p>\n\n\n\n<p>Avigayil conta que sucot \u00e9 a \u00e9poca da alegria do povo judeu, porque significa que acabaram de completar uma temporada de arrependimento durante os dias que antecederam a Festa das Trombetas e o&nbsp;<strong><a href=\"https:\/\/guiame.com.br\/gospel\/mundo-cristao\/pastor-fala-sobre-o-papel-da-igreja-no-yom-kippur-e-tempo-de-clamarmos.html\">Yom Kippur<\/a><\/strong>. \u201c\u00c9 um tempo em que Deus nos ordena que nos alegremos diante dEle!\u201d, afirma.<\/p>\n\n\n\n<p>Ela tamb\u00e9m traz o simbolismo de cada elemento que comp\u00f5e a celebra\u00e7\u00e3o:<\/p>\n\n\n\n<p>\u201cEm Lev\u00edtico, Deus ordenou ao povo judeu que tomasse o Arba Minim (Quatro Esp\u00e9cies): um etrog (citrino), um lulav (fronde de palme), tr\u00eas hadassim (ramos de murta) e duas aravot (ramos de salgueiro), e se alegrasse diante dele\u201d.<\/p>\n\n\n\n<p>E cita Lev\u00edtico 23:40:<\/p>\n\n\n\n<p>\u201cE tomar\u00e1s no primeiro dia o fruto de \u00e1rvores espl\u00eandidas, ramos de palmeiras e ramos de \u00e1rvores frondosas e salgueiros do ribeiro, e vos alegrareis perante o Senhor vosso Deus por sete dias.\u201d<\/p>\n\n\n\n<p><strong>O Festival da Dedica\u00e7\u00e3o<\/strong><\/p>\n\n\n\n<p>Sucot tamb\u00e9m \u00e9 conhecido como o Festival de Dedica\u00e7\u00e3o. Em 1 Reis 8:2 conta como Salom\u00e3o intencionalmente dedicou o Templo durante o feriado de Sucot, refor\u00e7ando o significado nacionalista que Sucot j\u00e1 mantinha para os israelitas. Da mesma forma, em Esdras 3:4, o Segundo Templo foi dedicado em Sucot, e em Neemias 8:18, a celebra\u00e7\u00e3o sobre a conclus\u00e3o da parede e a leitura p\u00fablica da Tor\u00e1 termina com uma celebra\u00e7\u00e3o de Sucot.<\/p>\n\n\n\n<p><strong>O Festival da Luz e \u00c1gua Viva<\/strong><\/p>\n\n\n\n<p>\u00c1gua leve e viva s\u00e3o temas significativos em Sucot. Duas partes importantes do Festival de Sucot no antigo Israel eram a ilumina\u00e7\u00e3o do templo e a cerim\u00f4nia de liba\u00e7\u00e3o da \u00e1gua.<\/p>\n\n\n\n<p>\u201cOs sacerdotes e os levitas desciam ao tribunal das mulheres no templo. Quatro enormes casti\u00e7ais de ouro, cada um com 50 c\u00f4vados (cerca de 22 metros de altura), foram criados no p\u00e1tio. Quatro tigelas de ouro foram colocadas sobre elas e quatro escadas foram colocadas descansando contra cada casti\u00e7al. Quatro jovens de descend\u00eancia sacerdotal subiram ao topo das escadas segurando frascos contendo cerca de 7,5 gal\u00f5es de \u00f3leo puro.\u201d<\/p>\n\n\n\n<p>\u201cEles ent\u00e3o despejaram o \u00f3leo em cada tigela. A luz que irradiava dessas quatro velas era t\u00e3o brilhante que iluminava todos os p\u00e1tios de Jerusal\u00e9m. O humor era festivo e alegre. Muitos dan\u00e7avam bem na noite, segurando tochas brilhantes e cantando salmos de louvor a Deus. Jerusal\u00e9m brilhava como um diamante e sua luz podia ser vista de longe. Essa luz representava a gl\u00f3ria de Shekinah que uma vez encheu o templo onde a presen\u00e7a de Deus habitava no Santo dos Santos (1 Reis 8:10-11; Ezequiel 43:5)\u201d, descreve.<\/p>\n\n\n\n<p>Avigayil relata que no \u00faltimo dia do festival, os sacerdotes tiravam \u00e1gua do tanque de Silo\u00e9, subiam at\u00e9 o templo atrav\u00e9s da Porta das \u00c1guas e derramam a \u00e1gua sobre o altar. \u201cIsso iniciava as ora\u00e7\u00f5es agradecendo a Deus pela chuva da colheita de outono\u201d.<\/p>\n\n\n\n<p>Foi neste momento culminante, quando Jerusal\u00e9m irradiava luz e o povo celebrava com grande alegria, que Yeshua se colocou entre eles e declarou:<\/p>\n\n\n\n<p>\u201cQuem tem sede venha a mim e beba. Quem cr\u00ea em mim, como diz a Escritura, rios de \u00e1gua viva fluir\u00e3o de dentro deles.\u201d (Jo\u00e3o 7:37-38)<\/p>\n\n\n\n<p>E ainda: \u201cEu sou a luz do mundo\u201d. (Jo\u00e3o 8:12)<\/p>\n\n\n\n<p>\u201cFoi um momento incr\u00edvel e ineg\u00e1vel de declara\u00e7\u00e3o de quem ele era \u2013 o Messias! Os l\u00edderes religiosos o odiavam por isso, pois o templo era considerado a luz do mundo, e, aos seus olhos, ele estava se elevando a um n\u00edvel reservado apenas para Deus. E, no entanto, ele era Deus. Em carne\u201d.<\/p>\n\n\n\n<p><strong>O Festival da Colheita<\/strong><\/p>\n\n\n\n<p>Sucot \u00e9 uma celebra\u00e7\u00e3o da colheita agr\u00edcola que tamb\u00e9m simboliza maior colheita espiritual. \u201cSabemos que, embora a maioria dos l\u00edderes religiosos n\u00e3o acreditasse em Yeshua, muitas pessoas acreditavam\u201d, diz a judia crist\u00e3.<\/p>\n\n\n\n<p>A cegueira parcial da na\u00e7\u00e3o de Israel foi para que a plenitude dos gentios pudesse entrar (Romanos 9-11), mas hoje estamos vendo um grande retorno do povo judeu \u00e0 f\u00e9 em seu Messias. Existem milhares de crentes em Israel e centenas de milhares ao redor do mundo. Esse \u00e9 um n\u00famero significativo, considerando que os judeus representam apenas 0,2% da popula\u00e7\u00e3o mundial. Dessa forma, outro tema de Sucot \u00e9 representado \u2013 a colheita.&#8221;<\/p>\n\n\n\n<p>\u201cNestes \u00faltimos dias, Israel continua sendo o povo escolhido de Deus e desempenha um papel importante agora e no futuro, trazendo riquezas para o mundo! (Romanos 11:12-15). \u00c9 por isso que \u00e9 t\u00e3o importante para a igreja e os crist\u00e3os orarem pelo povo judeu e cuidarem deles com amor, como a &#8216;raiz que sustenta os ramos&#8217; (Romanos 11:18)\u201d, diz Avigayil.<\/p>\n\n\n\n<p><strong>O Festival das Na\u00e7\u00f5es<\/strong><\/p>\n\n\n\n<p>Ela lembra que o profeta Am\u00f3s foi usado por Deus para declarar sua promessa de levantar a Suc\u00e1 ca\u00edda de Davi e reconstru\u00ed-la:<\/p>\n\n\n\n<p>\u201cNaquele dia, levantarei o tabern\u00e1culo (sukkah) de Davi que caiu, e repararei suas brechas; levantarei suas ru\u00ednas e o reconstruirei como nos dias antigos, para que possuam o remanescente de Edom e todas as na\u00e7\u00f5es que s\u00e3o chamadas pelo meu nome\u2019, declara o Senhor que faz isso.\u201d (Am\u00f3s 9:11-12)<\/p>\n\n\n\n<p>No Novo Testamento, lembra a escritora, Tiago, o irm\u00e3o de Jesus, citou essa passagem quando os primeiros crentes judeus se reuniram em Jerusal\u00e9m para discutir a queda do Esp\u00edrito Santo sobre os gentios:<\/p>\n\n\n\n<p>\u201cDepois disto voltarei, e reconstruirei a tenda de Davi que caiu; reconstruirei as suas ru\u00ednas, e a restaurarei, para que o restante da humanidade busque ao Senhor, e todos os gentios que s\u00e3o chamados pelo meu nome, diz o Senhor, que faz destas coisas conhecidas desde a antiguidade.\u201d (Atos 15:16-18)<\/p>\n\n\n\n<p>\u201c\u00c9 uma bela imagem de judeu e gentio, um em Messias, habitando juntos na tenda de Davi ou Suc\u00e1\u201d, opina.<\/p>\n\n\n\n<p>Avigayil diz que olhando para o futuro, o tema final de Sucot ser\u00e1 cumprido quando os \u201csobreviventes de todas as na\u00e7\u00f5es que atacaram Jerusal\u00e9m subir\u00e3o ano ap\u00f3s ano para adorar o Rei, o Senhor Todo-Poderoso, e celebrar o Festival dos Tabern\u00e1culos\u201d. (Zacarias 14:16)<\/p>\n\n\n\n<p>\u201cEm Israel e ao redor do mundo, este ano, a Festa dos Tabern\u00e1culos ser\u00e1 agridoce para os judeus, que ainda est\u00e3o em grande luto todos os dias. Mas para aqueles que conhecem Yeshua, h\u00e1 esperan\u00e7a e alegria na presen\u00e7a de Deus, e a \u00e1gua viva de seu Esp\u00edrito est\u00e1 dispon\u00edvel para superar o medo, o trauma e a dor\u201d, diz.<\/p>\n\n\n\n<p>E continua: \u201cYeshua nos disse em Jo\u00e3o 16:33 que neste mundo teremos problemas, mas ele veio para que tenhamos paz. Ele superou o mundo, e n\u00f3s tamb\u00e9m venceremos. Ele prometeu nunca nos deixar ou nos abandonar. Ele prometeu curar nossas feridas e nos refrescar atrav\u00e9s da \u00e1gua viva de seu esp\u00edrito. \u00c9 por isso que ainda podemos nos alegrar!\u201d.<\/p>\n\n\n\n<p>Ela pede que neste Sucot, as pessoas orem para que Deus \u201cderrame sobre a casa de Davi e sobre os habitantes de Jerusal\u00e9m o esp\u00edrito de gra\u00e7a e de s\u00faplica\u201d, para que olhem para ele e sejam salvos! (Zacarias 12:10)<\/p>\n\n\n\n<p>E finaliza: \u201cOre para que Deus conforte e restaure o povo judeu e fa\u00e7a com que eles ganhem vida espiritualmente! Ore para a regi\u00e3o do Oriente M\u00e9dio e todos aqueles ligados pela escurid\u00e3o para ver a luz de Yeshua!\u201d<\/p>\n","protected":false},"excerpt":{"rendered":"<p>A guerra de Israel contra o grupo terrorista Hamas completou um ano em 7 de outubro. Dias depois, o pa\u00eds celebrou&nbsp;Rosh Hashan\u00e1, o Ano Novo judaico, seguido por outras festas religiosas, como o Yom Kippur e agora Sucot, a Festa dos Tabern\u00e1culos. Apesar de estar profundamente envolvido na guerra e lutando em sete frentes de [&hellip;]<\/p>\n","protected":false},"author":2,"featured_media":20878,"comment_status":"open","ping_status":"open","sticky":false,"template":"","format":"standard","meta":[],"categories":[12,16],"tags":[],"_links":{"self":[{"href":"https:\/\/dgospel.com.br\/portal\/index.php\/wp-json\/wp\/v2\/posts\/20877"}],"collection":[{"href":"https:\/\/dgospel.com.br\/portal\/index.php\/wp-json\/wp\/v2\/posts"}],"about":[{"href":"https:\/\/dgospel.com.br\/portal\/index.php\/wp-json\/wp\/v2\/types\/post"}],"author":[{"embeddable":true,"href":"https:\/\/dgospel.com.br\/portal\/index.php\/wp-json\/wp\/v2\/users\/2"}],"replies":[{"embeddable":true,"href":"https:\/\/dgospel.com.br\/portal\/index.php\/wp-json\/wp\/v2\/comments?post=20877"}],"version-history":[{"count":1,"href":"https:\/\/dgospel.com.br\/portal\/index.php\/wp-json\/wp\/v2\/posts\/20877\/revisions"}],"predecessor-version":[{"id":20879,"href":"https:\/\/dgospel.com.br\/portal\/index.php\/wp-json\/wp\/v2\/posts\/20877\/revisions\/20879"}],"wp:featuredmedia":[{"embeddable":true,"href":"https:\/\/dgospel.com.br\/portal\/index.php\/wp-json\/wp\/v2\/media\/20878"}],"wp:attachment":[{"href":"https:\/\/dgospel.com.br\/portal\/index.php\/wp-json\/wp\/v2\/media?parent=20877"}],"wp:term":[{"taxonomy":"category","embeddable":true,"href":"https:\/\/dgospel.com.br\/portal\/index.php\/wp-json\/wp\/v2\/categories?post=20877"},{"taxonomy":"post_tag","embeddable":true,"href":"https:\/\/dgospel.com.br\/portal\/index.php\/wp-json\/wp\/v2\/tags?post=20877"}],"curies":[{"name":"wp","href":"https:\/\/api.w.org\/{rel}","templated":true}]}}