{"id":20880,"date":"2024-10-17T17:42:13","date_gmt":"2024-10-17T20:42:13","guid":{"rendered":"https:\/\/dgospel.com.br\/portal\/?p=20880"},"modified":"2024-10-17T17:42:15","modified_gmt":"2024-10-17T20:42:15","slug":"governo-lula-deve-gastar-r-358-mil-em-itens-como-vodca-e-uisque","status":"publish","type":"post","link":"https:\/\/dgospel.com.br\/portal\/index.php\/2024\/10\/17\/governo-lula-deve-gastar-r-358-mil-em-itens-como-vodca-e-uisque\/","title":{"rendered":"Governo Lula deve gastar R$ 358 mil em itens como vodca e u\u00edsque"},"content":{"rendered":"\n<p>O governo&nbsp;<a href=\"http:\/\/pleno.news\/tag\/lula\" target=\"_blank\" rel=\"noreferrer noopener\">Lula<\/a>&nbsp;(PT) decidiu abrir uma licita\u00e7\u00e3o para contrata\u00e7\u00e3o de servi\u00e7os para realiza\u00e7\u00e3o de eventos oficiais que deve custar R$ 16 milh\u00f5es aos cofres p\u00fablicos para gastos por um per\u00edodo de 12 meses. No edital, no qual constam 215 itens de \u00e1reas variadas, ao menos R$ 358 mil ser\u00e3o desembolsados com coquet\u00e9is que incluir\u00e3o bebidas alco\u00f3licas como u\u00edsque, gim, vodca e Campari.<\/p>\n\n\n\n<p>O item em quest\u00e3o, que prev\u00ea suprimentos para eventos com duas horas de dura\u00e7\u00e3o, conta tamb\u00e9m com vinhos brancos e tintos nacionais premiados, espumantes nacionais premiados, licores e digestivos, e, por fim, bebidas n\u00e3o-alco\u00f3licas, como \u00e1gua mineral, sucos de frutas, refrigerantes e ch\u00e1.<\/p>\n\n\n\n<p>A empresa vencedora da licita\u00e7\u00e3o dever\u00e1 fornecer, al\u00e9m das bebidas, copos e as ta\u00e7as de cristal, bem como gelo filtrado e equipe de gar\u00e7ons. Na justificativa da licita\u00e7\u00e3o, a Presid\u00eancia diz que os eventos e as cerim\u00f4nias oficiais \u201cdever\u00e3o levar em conta, pelo menos, tr\u00eas condi\u00e7\u00f5es essenciais \u00e0 sua execu\u00e7\u00e3o: harmonia, eleg\u00e2ncia e seguran\u00e7a institucional\u201d.<\/p>\n\n\n\n<p>\u2013 A n\u00e3o observ\u00e2ncia dessas condi\u00e7\u00f5es podem acarretar incalcul\u00e1veis preju\u00edzos \u00e0 imagem do Brasil \u2013 completa a Secretaria de Administra\u00e7\u00e3o da Presid\u00eancia.<\/p>\n\n\n\n<p>A licita\u00e7\u00e3o tamb\u00e9m inclui diversas outras \u00e1reas, como um coquetel de comidas estimado em R$ 193 mil, e a organiza\u00e7\u00e3o da estrutura para realiza\u00e7\u00e3o dos eventos, estimada em mais de R$ 5,8 milh\u00f5es. Est\u00e3o previstos nos custos at\u00e9 mesmo os objetos de inform\u00e1tica que ser\u00e3o utilizados e os gastos com as di\u00e1rias dos profissionais que trabalhar\u00e3o nas agendas oficiais.<\/p>\n\n\n\n<p>O edital ser\u00e1 destinado a todas as atividades realizadas pela Presid\u00eancia, como assinaturas de atos oficiais, inaugura\u00e7\u00f5es e sess\u00f5es solenes com a presen\u00e7a do presidente Lula (PT). Os recursos ser\u00e3o aplicados em eventos oficiais em outras regi\u00f5es que n\u00e3o contam com a estrutura dispon\u00edvel em Bras\u00edlia.<\/p>\n","protected":false},"excerpt":{"rendered":"<p>O governo&nbsp;Lula&nbsp;(PT) decidiu abrir uma licita\u00e7\u00e3o para contrata\u00e7\u00e3o de servi\u00e7os para realiza\u00e7\u00e3o de eventos oficiais que deve custar R$ 16 milh\u00f5es aos cofres p\u00fablicos para gastos por um per\u00edodo de 12 meses. No edital, no qual constam 215 itens de \u00e1reas variadas, ao menos R$ 358 mil ser\u00e3o desembolsados com coquet\u00e9is que incluir\u00e3o bebidas alco\u00f3licas [&hellip;]<\/p>\n","protected":false},"author":2,"featured_media":20881,"comment_status":"open","ping_status":"open","sticky":false,"template":"","format":"standard","meta":[],"categories":[12,10],"tags":[],"_links":{"self":[{"href":"https:\/\/dgospel.com.br\/portal\/index.php\/wp-json\/wp\/v2\/posts\/20880"}],"collection":[{"href":"https:\/\/dgospel.com.br\/portal\/index.php\/wp-json\/wp\/v2\/posts"}],"about":[{"href":"https:\/\/dgospel.com.br\/portal\/index.php\/wp-json\/wp\/v2\/types\/post"}],"author":[{"embeddable":true,"href":"https:\/\/dgospel.com.br\/portal\/index.php\/wp-json\/wp\/v2\/users\/2"}],"replies":[{"embeddable":true,"href":"https:\/\/dgospel.com.br\/portal\/index.php\/wp-json\/wp\/v2\/comments?post=20880"}],"version-history":[{"count":1,"href":"https:\/\/dgospel.com.br\/portal\/index.php\/wp-json\/wp\/v2\/posts\/20880\/revisions"}],"predecessor-version":[{"id":20882,"href":"https:\/\/dgospel.com.br\/portal\/index.php\/wp-json\/wp\/v2\/posts\/20880\/revisions\/20882"}],"wp:featuredmedia":[{"embeddable":true,"href":"https:\/\/dgospel.com.br\/portal\/index.php\/wp-json\/wp\/v2\/media\/20881"}],"wp:attachment":[{"href":"https:\/\/dgospel.com.br\/portal\/index.php\/wp-json\/wp\/v2\/media?parent=20880"}],"wp:term":[{"taxonomy":"category","embeddable":true,"href":"https:\/\/dgospel.com.br\/portal\/index.php\/wp-json\/wp\/v2\/categories?post=20880"},{"taxonomy":"post_tag","embeddable":true,"href":"https:\/\/dgospel.com.br\/portal\/index.php\/wp-json\/wp\/v2\/tags?post=20880"}],"curies":[{"name":"wp","href":"https:\/\/api.w.org\/{rel}","templated":true}]}}