{"id":20886,"date":"2024-10-17T17:59:13","date_gmt":"2024-10-17T20:59:13","guid":{"rendered":"https:\/\/dgospel.com.br\/portal\/?p=20886"},"modified":"2024-10-17T17:59:14","modified_gmt":"2024-10-17T20:59:14","slug":"stf-autoriza-que-filhos-de-pessoas-trans-poderao-ter-mae-ou-parturiente-no-registro","status":"publish","type":"post","link":"https:\/\/dgospel.com.br\/portal\/index.php\/2024\/10\/17\/stf-autoriza-que-filhos-de-pessoas-trans-poderao-ter-mae-ou-parturiente-no-registro\/","title":{"rendered":"STF autoriza que filhos de pessoas trans poder\u00e3o ter \u201cm\u00e3e\u201d ou \u201cparturiente\u201d no registro"},"content":{"rendered":"\n<p>O Supremo Tribunal Federal (STF) decidiu, por unanimidade, que a Declara\u00e7\u00e3o de Nascido Vivo (DNV), emitida pelo Sistema \u00danico de Sa\u00fade (SUS), poder\u00e1 utilizar tanto o termo \u201cm\u00e3e\u201d quanto \u201cparturiente\u201d, garantindo o uso de linguagem inclusiva para homens transexuais que d\u00e3o \u00e0 luz. A decis\u00e3o ocorreu no julgamento da Argui\u00e7\u00e3o de Descumprimento de Preceito Fundamental (ADPF) 787, relatada pelo ministro Gilmar Mendes.<\/p>\n\n\n\n<p>A a\u00e7\u00e3o foi movida pelo Partido dos Trabalhadores (PT) em 2021, questionando o layout da DNV, que usava apenas o termo \u201cm\u00e3e\u201d, mesmo quando o parto era realizado por homens trans. Em resposta, Gilmar Mendes j\u00e1 havia determinado, por meio de liminar, que o SUS deveria garantir atendimento m\u00e9dico a pessoas transexuais e travestis, independentemente de seu sexo biol\u00f3gico, e incluir o termo \u201cparturiente\u201d nos documentos.<\/p>\n\n\n\n<p>A decis\u00e3o de Mendes foi referendada em julho de 2024, mas o ministro Edson Fachin votou para que o STF firmasse a obrigatoriedade do uso do termo \u201cparturiente\u201d, mesmo ap\u00f3s o governo ter implementado a mudan\u00e7a de forma administrativa. Fachin argumentou que, sem uma ordem judicial, a altera\u00e7\u00e3o poderia ser revertida. Agora, com a decis\u00e3o do Supremo, o uso do termo \u201cparturiente\u201d no documento ser\u00e1 obrigat\u00f3rio, permitindo que os genitores escolham como desejam ser identificados no documento.<\/p>\n\n\n\n<p>Al\u00e9m disso, o STF determinou que o Minist\u00e9rio da Sa\u00fade realize todas as altera\u00e7\u00f5es necess\u00e1rias nos sistemas de informa\u00e7\u00e3o do SUS, para que consultas e exames possam ser agendados sem constrangimentos para pessoas trans, independentemente do registro de sexo biol\u00f3gico. Isso assegura o acesso pleno e em igualdade de condi\u00e7\u00f5es aos servi\u00e7os de sa\u00fade do SUS.<\/p>\n\n\n\n<p>O layout da DNV tamb\u00e9m ser\u00e1 atualizado, com o campo \u201cparturiente\/m\u00e3e\u201d sendo de preenchimento obrigat\u00f3rio, enquanto o campo \u201crespons\u00e1vel legal\/pai\u201d ser\u00e1 facultativo, conforme a Lei n\u00ba 12.662\/12.<\/p>\n","protected":false},"excerpt":{"rendered":"<p>O Supremo Tribunal Federal (STF) decidiu, por unanimidade, que a Declara\u00e7\u00e3o de Nascido Vivo (DNV), emitida pelo Sistema \u00danico de Sa\u00fade (SUS), poder\u00e1 utilizar tanto o termo \u201cm\u00e3e\u201d quanto \u201cparturiente\u201d, garantindo o uso de linguagem inclusiva para homens transexuais que d\u00e3o \u00e0 luz. A decis\u00e3o ocorreu no julgamento da Argui\u00e7\u00e3o de Descumprimento de Preceito Fundamental [&hellip;]<\/p>\n","protected":false},"author":2,"featured_media":20887,"comment_status":"open","ping_status":"open","sticky":false,"template":"","format":"standard","meta":[],"categories":[12,10],"tags":[],"_links":{"self":[{"href":"https:\/\/dgospel.com.br\/portal\/index.php\/wp-json\/wp\/v2\/posts\/20886"}],"collection":[{"href":"https:\/\/dgospel.com.br\/portal\/index.php\/wp-json\/wp\/v2\/posts"}],"about":[{"href":"https:\/\/dgospel.com.br\/portal\/index.php\/wp-json\/wp\/v2\/types\/post"}],"author":[{"embeddable":true,"href":"https:\/\/dgospel.com.br\/portal\/index.php\/wp-json\/wp\/v2\/users\/2"}],"replies":[{"embeddable":true,"href":"https:\/\/dgospel.com.br\/portal\/index.php\/wp-json\/wp\/v2\/comments?post=20886"}],"version-history":[{"count":1,"href":"https:\/\/dgospel.com.br\/portal\/index.php\/wp-json\/wp\/v2\/posts\/20886\/revisions"}],"predecessor-version":[{"id":20888,"href":"https:\/\/dgospel.com.br\/portal\/index.php\/wp-json\/wp\/v2\/posts\/20886\/revisions\/20888"}],"wp:featuredmedia":[{"embeddable":true,"href":"https:\/\/dgospel.com.br\/portal\/index.php\/wp-json\/wp\/v2\/media\/20887"}],"wp:attachment":[{"href":"https:\/\/dgospel.com.br\/portal\/index.php\/wp-json\/wp\/v2\/media?parent=20886"}],"wp:term":[{"taxonomy":"category","embeddable":true,"href":"https:\/\/dgospel.com.br\/portal\/index.php\/wp-json\/wp\/v2\/categories?post=20886"},{"taxonomy":"post_tag","embeddable":true,"href":"https:\/\/dgospel.com.br\/portal\/index.php\/wp-json\/wp\/v2\/tags?post=20886"}],"curies":[{"name":"wp","href":"https:\/\/api.w.org\/{rel}","templated":true}]}}