{"id":20901,"date":"2024-10-21T13:16:22","date_gmt":"2024-10-21T16:16:22","guid":{"rendered":"https:\/\/dgospel.com.br\/portal\/?p=20901"},"modified":"2024-10-21T13:16:23","modified_gmt":"2024-10-21T16:16:23","slug":"federacao-pt-pcdob-pv-declara-apoia-ao-candidato-eduardo-siqueira-campos-no-segundo-turno","status":"publish","type":"post","link":"https:\/\/dgospel.com.br\/portal\/index.php\/2024\/10\/21\/federacao-pt-pcdob-pv-declara-apoia-ao-candidato-eduardo-siqueira-campos-no-segundo-turno\/","title":{"rendered":"Federa\u00e7\u00e3o PT-PCdoB-PV declara apoia ao candidato Eduardo Siqueira Campos no segundo turno"},"content":{"rendered":"\n<p><em>A Federa\u00e7\u00e3o Palmas\/Brasil da Esperan\u00e7a, reunida na noite de quarta-feira, 9 de outubro, representados os partidos PT e PC do B, pelos seus presidentes, vice-presidente, comiss\u00e3o pol\u00edtica e presidente em exerc\u00edcio do PC do B Estadual, decidiu ratificar o resultado de consultas internas, no sentido de apoiar no segundo turno das elei\u00e7\u00f5es em Palmas, o candidato a prefeito Eduardo Siqueira Campos.<\/em><em><\/em><\/p>\n\n\n\n<p>No primeiro turno, a<em> Federa\u00e7\u00e3o Palmas\/Brasil da Esperan\u00e7a apoiou a candidatura<\/em> do deputado estadual J\u00fanior Geo (PSDB)<\/p>\n\n\n\n<p><strong>Leia a \u00edntegra:<\/strong><\/p>\n\n\n\n<p><em>\u201cCarta a Palmas<\/em><\/p>\n\n\n\n<p><em>A Federa\u00e7\u00e3o Palmas\/Brasil da Esperan\u00e7a, reunida na noite desta quarta-feira, 9 \u2013 representados os partidos PT e PC do B, pelos seus presidentes, vice-presidente, comiss\u00e3o pol\u00edtica e presidente em exerc\u00edcio do PC do B Estadual \u2013 DECIDIU ratificar o resultado de consultas internas, realizadas na segunda-feira, 7, no sentido de:<\/em><\/p>\n\n\n\n<p><em>APOIAR no segundo turno das elei\u00e7\u00f5es em Palmas, o candidato a prefeito Eduardo Siqueira Campos, por representar neste momento a alternativa com capacidade de di\u00e1logo com as pol\u00edticas p\u00fablicas que defendemos no nosso campo democr\u00e1tico.<\/em><\/p>\n\n\n\n<p><em>A partir desta data, e em conjunto com os partidos com os quais formamos bloco no primeiro turno, faremos as conversa\u00e7\u00f5es em torno dos pontos program\u00e1ticos importantes para o grupo.<\/em><\/p>\n\n\n\n<p><em>Vamos \u00e0 vit\u00f3ria!<\/em><\/p>\n\n\n\n<p><em>Roberta Tum<\/em><em><br>Presidente da Comiss\u00e3o Municipal da Federa\u00e7\u00e3o Brasil da Esperan\u00e7a<\/em><\/p>\n\n\n\n<p><em>Jo\u00e3o Helder Vilela<\/em><em><br>Presidente do PT Municipal<\/em><\/p>\n\n\n\n<p><em>Virg\u00edlio Alencar<\/em><em><br>Vice-Presidente do PC do B Palmas<\/em><\/p>\n\n\n\n<p><em>Germana Pires Coriolano<\/em><em><br>Presidente em Exerc\u00edcio do Diret\u00f3rio Regional do PC do B Tocantins<\/em><\/p>\n\n\n\n<p><em>Cristian Ribas<\/em><em><br>Executiva&nbsp;Estadual&nbsp;PT<\/em>\u201c<\/p>\n","protected":false},"excerpt":{"rendered":"<p>A Federa\u00e7\u00e3o Palmas\/Brasil da Esperan\u00e7a, reunida na noite de quarta-feira, 9 de outubro, representados os partidos PT e PC do B, pelos seus presidentes, vice-presidente, comiss\u00e3o pol\u00edtica e presidente em exerc\u00edcio do PC do B Estadual, decidiu ratificar o resultado de consultas internas, no sentido de apoiar no segundo turno das elei\u00e7\u00f5es em Palmas, o [&hellip;]<\/p>\n","protected":false},"author":2,"featured_media":20902,"comment_status":"open","ping_status":"open","sticky":false,"template":"","format":"standard","meta":[],"categories":[4],"tags":[],"_links":{"self":[{"href":"https:\/\/dgospel.com.br\/portal\/index.php\/wp-json\/wp\/v2\/posts\/20901"}],"collection":[{"href":"https:\/\/dgospel.com.br\/portal\/index.php\/wp-json\/wp\/v2\/posts"}],"about":[{"href":"https:\/\/dgospel.com.br\/portal\/index.php\/wp-json\/wp\/v2\/types\/post"}],"author":[{"embeddable":true,"href":"https:\/\/dgospel.com.br\/portal\/index.php\/wp-json\/wp\/v2\/users\/2"}],"replies":[{"embeddable":true,"href":"https:\/\/dgospel.com.br\/portal\/index.php\/wp-json\/wp\/v2\/comments?post=20901"}],"version-history":[{"count":1,"href":"https:\/\/dgospel.com.br\/portal\/index.php\/wp-json\/wp\/v2\/posts\/20901\/revisions"}],"predecessor-version":[{"id":20903,"href":"https:\/\/dgospel.com.br\/portal\/index.php\/wp-json\/wp\/v2\/posts\/20901\/revisions\/20903"}],"wp:featuredmedia":[{"embeddable":true,"href":"https:\/\/dgospel.com.br\/portal\/index.php\/wp-json\/wp\/v2\/media\/20902"}],"wp:attachment":[{"href":"https:\/\/dgospel.com.br\/portal\/index.php\/wp-json\/wp\/v2\/media?parent=20901"}],"wp:term":[{"taxonomy":"category","embeddable":true,"href":"https:\/\/dgospel.com.br\/portal\/index.php\/wp-json\/wp\/v2\/categories?post=20901"},{"taxonomy":"post_tag","embeddable":true,"href":"https:\/\/dgospel.com.br\/portal\/index.php\/wp-json\/wp\/v2\/tags?post=20901"}],"curies":[{"name":"wp","href":"https:\/\/api.w.org\/{rel}","templated":true}]}}