{"id":20904,"date":"2024-10-22T08:57:35","date_gmt":"2024-10-22T11:57:35","guid":{"rendered":"https:\/\/dgospel.com.br\/portal\/?p=20904"},"modified":"2024-10-22T08:57:35","modified_gmt":"2024-10-22T11:57:35","slug":"governo-lula-fica-sem-vacina-contra-covid-apos-lotes-vencerem","status":"publish","type":"post","link":"https:\/\/dgospel.com.br\/portal\/index.php\/2024\/10\/22\/governo-lula-fica-sem-vacina-contra-covid-apos-lotes-vencerem\/","title":{"rendered":"Governo Lula fica sem vacina contra covid ap\u00f3s lotes vencerem"},"content":{"rendered":"\n<p>O governo de Luiz In\u00e1cio Lula da Silva (PT) est\u00e1 sem vacinas contra a Covid-19 para entrega imediata ap\u00f3s parte dos lotes adquiridos da farmac\u00eautica Moderna perder a validade nos estoques do Minist\u00e9rio da Sa\u00fade. A situa\u00e7\u00e3o afeta principalmente o p\u00fablico infantil, que sofre com a falta de imunizantes.<\/p>\n\n\n\n<p>Cerca de 4,2 milh\u00f5es de doses de um contrato de 12,5 milh\u00f5es de vacinas da Moderna, adaptadas \u00e0 variante XBB, ficaram paradas no estoque, e 1,2 milh\u00e3o j\u00e1 foi recolhida para troca por unidades com validade estendida. As outras 3 milh\u00f5es de doses, vencidas, devem ser substitu\u00eddas por vacinas da variante JN.1 em dezembro.<\/p>\n\n\n\n<p>O contrato emergencial, no valor de R$ 725 milh\u00f5es, foi assinado com atraso e as primeiras entregas ao SUS ocorreram apenas em maio. Al\u00e9m disso, a Moderna entregou vacinas com validade mais curta do que o esperado, o que fez o Minist\u00e9rio da Sa\u00fade solicitar a troca dos lotes em agosto, sem custos adicionais.<\/p>\n\n\n\n<p>Em setembro, a Anvisa autorizou a importa\u00e7\u00e3o de 1,2 milh\u00e3o de vacinas substitutas, com validade at\u00e9 2025, mas essas doses ainda precisam passar por controle de qualidade antes de serem distribu\u00eddas.<\/p>\n\n\n\n<p>O Minist\u00e9rio da Sa\u00fade atribui a situa\u00e7\u00e3o a uma combina\u00e7\u00e3o de fatores, como a curta validade das vacinas, a exig\u00eancia de armazenamento em baixas temperaturas e campanhas de desinforma\u00e7\u00e3o.<\/p>\n\n\n\n<p>O diretor do Departamento do Programa Nacional de Imuniza\u00e7\u00f5es do Minist\u00e9rio da Sa\u00fade, o m\u00e9dico Eder Gatti, declarou \u00e0 Folha de S.Paulo que a pasta est\u00e1 ciente que os estados est\u00e3o com estoque para adultos e que o desabastecimento de vacinas infantis ser\u00e1 resolvido.<\/p>\n","protected":false},"excerpt":{"rendered":"<p>O governo de Luiz In\u00e1cio Lula da Silva (PT) est\u00e1 sem vacinas contra a Covid-19 para entrega imediata ap\u00f3s parte dos lotes adquiridos da farmac\u00eautica Moderna perder a validade nos estoques do Minist\u00e9rio da Sa\u00fade. A situa\u00e7\u00e3o afeta principalmente o p\u00fablico infantil, que sofre com a falta de imunizantes. Cerca de 4,2 milh\u00f5es de doses [&hellip;]<\/p>\n","protected":false},"author":2,"featured_media":20905,"comment_status":"open","ping_status":"open","sticky":false,"template":"","format":"standard","meta":[],"categories":[12,10],"tags":[],"_links":{"self":[{"href":"https:\/\/dgospel.com.br\/portal\/index.php\/wp-json\/wp\/v2\/posts\/20904"}],"collection":[{"href":"https:\/\/dgospel.com.br\/portal\/index.php\/wp-json\/wp\/v2\/posts"}],"about":[{"href":"https:\/\/dgospel.com.br\/portal\/index.php\/wp-json\/wp\/v2\/types\/post"}],"author":[{"embeddable":true,"href":"https:\/\/dgospel.com.br\/portal\/index.php\/wp-json\/wp\/v2\/users\/2"}],"replies":[{"embeddable":true,"href":"https:\/\/dgospel.com.br\/portal\/index.php\/wp-json\/wp\/v2\/comments?post=20904"}],"version-history":[{"count":1,"href":"https:\/\/dgospel.com.br\/portal\/index.php\/wp-json\/wp\/v2\/posts\/20904\/revisions"}],"predecessor-version":[{"id":20906,"href":"https:\/\/dgospel.com.br\/portal\/index.php\/wp-json\/wp\/v2\/posts\/20904\/revisions\/20906"}],"wp:featuredmedia":[{"embeddable":true,"href":"https:\/\/dgospel.com.br\/portal\/index.php\/wp-json\/wp\/v2\/media\/20905"}],"wp:attachment":[{"href":"https:\/\/dgospel.com.br\/portal\/index.php\/wp-json\/wp\/v2\/media?parent=20904"}],"wp:term":[{"taxonomy":"category","embeddable":true,"href":"https:\/\/dgospel.com.br\/portal\/index.php\/wp-json\/wp\/v2\/categories?post=20904"},{"taxonomy":"post_tag","embeddable":true,"href":"https:\/\/dgospel.com.br\/portal\/index.php\/wp-json\/wp\/v2\/tags?post=20904"}],"curies":[{"name":"wp","href":"https:\/\/api.w.org\/{rel}","templated":true}]}}