{"id":20911,"date":"2024-10-22T11:02:42","date_gmt":"2024-10-22T14:02:42","guid":{"rendered":"https:\/\/dgospel.com.br\/portal\/?p=20911"},"modified":"2024-10-22T11:02:43","modified_gmt":"2024-10-22T14:02:43","slug":"candidato-a-vice-de-eduardo-siqueira-afirma-que-autistas-nao-precisam-de-uma-casa-do-autista-mas-sim-do-caps-grupo-de-maes-atipicas-publica-nota-de-repudio-a-fala-do-candidato","status":"publish","type":"post","link":"https:\/\/dgospel.com.br\/portal\/index.php\/2024\/10\/22\/candidato-a-vice-de-eduardo-siqueira-afirma-que-autistas-nao-precisam-de-uma-casa-do-autista-mas-sim-do-caps-grupo-de-maes-atipicas-publica-nota-de-repudio-a-fala-do-candidato\/","title":{"rendered":"Candidato a vice de Eduardo Siqueira afirma que Autistas n\u00e3o precisam de uma \u201cCasa do Autista\u201d, mas sim do CAPS; Grupo de m\u00e3es at\u00edpicas publica nota de rep\u00fadio \u00e0 fala do candidato"},"content":{"rendered":"\n<p>Um grupo de m\u00e3es At\u00edpicas da Regi\u00e3o Sul de Palmas, publicou uma nota de rep\u00fadio \u00e0 declara\u00e7\u00e3o do candidato a vice de Eduardo Siquera Campo, Carlos Veloso, (AGIR) durante o debate realizado pela TV Norte SBT Tocantins, nesta segunda-feira, 21, no bloco &#8220;<em>De Vice pra Vice<\/em>\u201d, na qual afirmou que pessoas com Transtorno do Espectro Autista (TEA) n\u00e3o precisam de uma \u201cCasa do Autista\u201d, mas sim do Centro de Aten\u00e7\u00e3o Psicossocial (CAPS).<\/p>\n\n\n\n<p>Segundo o grupo de m\u00e3es At\u00edpicas, a tal declara\u00e7\u00e3o revela uma profunda falta de conhecimento e sensibilidade quanto \u00e0s necessidades espec\u00edficas da popula\u00e7\u00e3o autista.<\/p>\n\n\n\n<p>O grupo explica que as pessoas com TEA enfrentam desafios \u00fanicos e demandam abordagens que v\u00e3o al\u00e9m do que o CAPS tradicionalmente oferece.<\/p>\n\n\n\n<p>\u201cEmbora o CAPS desempenhe um papel importante na sa\u00fade mental, ele n\u00e3o \u00e9, por si s\u00f3, suficiente para atender \u00e0s necessidades espec\u00edficas de pessoas com TEA. Uma Casa do Autista, por exemplo, \u00e9 fundamental para garantir a acolhida, o acompanhamento especializado e o suporte adequado, promovendo inclus\u00e3o, autonomia e qualidade de vida. Repudiamos essa fala que ignora os avan\u00e7os nas pol\u00edticas p\u00fablicas voltadas \u00e0 popula\u00e7\u00e3o autista e desconsidera a import\u00e2ncia de espa\u00e7os dedicados, que respeitem as particularidades do TEA\u201d, diz a nota emitida pelo grupo de m\u00e3es At\u00edpicas.<\/p>\n\n\n\n<p><strong>CONFIRA A NOTA ABAIXO NA \u00cdNTEGRA:<\/strong><\/p>\n\n\n\n<p><em>NOTA DE REP\u00daDIO<\/em><\/p>\n\n\n\n<p><em>N\u00f3s, m\u00e3es At\u00edpicas da Regi\u00e3o Sul de Palmas, manifestamos nosso rep\u00fadio \u00e0 declara\u00e7\u00e3o do vice-prefeito Carlos Veloso, na qual afirmou que pessoas com Transtorno do Espectro Autista (TEA) n\u00e3o precisam de uma \u201cCasa do Autista\u201d, mas sim do Centro de Aten\u00e7\u00e3o Psicossocial (CAPS). Tal declara\u00e7\u00e3o revela uma profunda falta de conhecimento e sensibilidade quanto \u00e0s necessidades espec\u00edficas da popula\u00e7\u00e3o autista.<\/em><\/p>\n\n\n\n<p><em>As pessoas com TEA enfrentam desafios \u00fanicos e demandam abordagens que v\u00e3o al\u00e9m do que o CAPS tradicionalmente oferece. Embora o CAPS desempenhe um papel importante na sa\u00fade mental, ele n\u00e3o \u00e9, por si s\u00f3, suficiente para atender \u00e0s necessidades espec\u00edficas de pessoas com TEA. Uma Casa do Autista, por exemplo, \u00e9 fundamental para garantir a acolhida, o acompanhamento especializado e o suporte adequado, promovendo inclus\u00e3o, autonomia e qualidade de vida.<\/em><\/p>\n\n\n\n<p><em>Repudiamos essa fala que ignora os avan\u00e7os nas pol\u00edticas p\u00fablicas voltadas \u00e0 popula\u00e7\u00e3o autista e desconsidera a import\u00e2ncia de espa\u00e7os dedicados, que respeitem as particularidades do TEA. Reafirmamos a necessidade de uma rede de atendimento especializada e integrada, que respeite os direitos da pessoa autista, conforme previsto na Lei Brasileira de Inclus\u00e3o (Lei n.\u00ba 13.146\/2015) e na Lei 12.764\/2012, que institui a Pol\u00edtica Nacional de Prote\u00e7\u00e3o dos Direitos da Pessoa com Transtorno do Espectro Autista.<\/em><\/p>\n\n\n\n<p><em>\u00c9 imprescind\u00edvel que nossos gestores p\u00fablicos compreendam a import\u00e2ncia de pol\u00edticas p\u00fablicas adequadas e, ao inv\u00e9s de enfraquecer as conquistas j\u00e1 obtidas, lutem por mais avan\u00e7os, garantindo um atendimento digno e especializado para todos.<\/em><\/p>\n\n\n\n<p><em>Seguimos firmes na luta pelos direitos da pessoa autista e de suas fam\u00edlias, exigindo respeito e compromisso por parte dos governantes.<\/em><\/p>\n\n\n\n<p><em>M\u00e3es At\u00edpicas Da Regi\u00e3o Sul.<\/em><\/p>\n\n\n\n<p><em>Palmas , 22 de outubro de 2024.<\/em><\/p>\n","protected":false},"excerpt":{"rendered":"<p>Um grupo de m\u00e3es At\u00edpicas da Regi\u00e3o Sul de Palmas, publicou uma nota de rep\u00fadio \u00e0 declara\u00e7\u00e3o do candidato a vice de Eduardo Siquera Campo, Carlos Veloso, (AGIR) durante o debate realizado pela TV Norte SBT Tocantins, nesta segunda-feira, 21, no bloco &#8220;De Vice pra Vice\u201d, na qual afirmou que pessoas com Transtorno do Espectro [&hellip;]<\/p>\n","protected":false},"author":2,"featured_media":20912,"comment_status":"open","ping_status":"open","sticky":false,"template":"","format":"standard","meta":[],"categories":[4],"tags":[],"_links":{"self":[{"href":"https:\/\/dgospel.com.br\/portal\/index.php\/wp-json\/wp\/v2\/posts\/20911"}],"collection":[{"href":"https:\/\/dgospel.com.br\/portal\/index.php\/wp-json\/wp\/v2\/posts"}],"about":[{"href":"https:\/\/dgospel.com.br\/portal\/index.php\/wp-json\/wp\/v2\/types\/post"}],"author":[{"embeddable":true,"href":"https:\/\/dgospel.com.br\/portal\/index.php\/wp-json\/wp\/v2\/users\/2"}],"replies":[{"embeddable":true,"href":"https:\/\/dgospel.com.br\/portal\/index.php\/wp-json\/wp\/v2\/comments?post=20911"}],"version-history":[{"count":1,"href":"https:\/\/dgospel.com.br\/portal\/index.php\/wp-json\/wp\/v2\/posts\/20911\/revisions"}],"predecessor-version":[{"id":20913,"href":"https:\/\/dgospel.com.br\/portal\/index.php\/wp-json\/wp\/v2\/posts\/20911\/revisions\/20913"}],"wp:featuredmedia":[{"embeddable":true,"href":"https:\/\/dgospel.com.br\/portal\/index.php\/wp-json\/wp\/v2\/media\/20912"}],"wp:attachment":[{"href":"https:\/\/dgospel.com.br\/portal\/index.php\/wp-json\/wp\/v2\/media?parent=20911"}],"wp:term":[{"taxonomy":"category","embeddable":true,"href":"https:\/\/dgospel.com.br\/portal\/index.php\/wp-json\/wp\/v2\/categories?post=20911"},{"taxonomy":"post_tag","embeddable":true,"href":"https:\/\/dgospel.com.br\/portal\/index.php\/wp-json\/wp\/v2\/tags?post=20911"}],"curies":[{"name":"wp","href":"https:\/\/api.w.org\/{rel}","templated":true}]}}