{"id":20914,"date":"2024-10-23T14:49:35","date_gmt":"2024-10-23T17:49:35","guid":{"rendered":"https:\/\/dgospel.com.br\/portal\/?p=20914"},"modified":"2024-10-23T14:49:37","modified_gmt":"2024-10-23T17:49:37","slug":"governador-wanderlei-barbosa-autoriza-reajuste-de-plantoes-extras-para-22-categorias-da-saude-estadual","status":"publish","type":"post","link":"https:\/\/dgospel.com.br\/portal\/index.php\/2024\/10\/23\/governador-wanderlei-barbosa-autoriza-reajuste-de-plantoes-extras-para-22-categorias-da-saude-estadual\/","title":{"rendered":"Governador Wanderlei Barbosa autoriza reajuste de plant\u00f5es extras para 22 categorias da sa\u00fade estadual"},"content":{"rendered":"\n<p>O Governo do Tocantins publicou no<a href=\"https:\/\/doe.to.gov.br\/diario\/5284\/download\">&nbsp;Di\u00e1rio Oficial do Estado&nbsp;<\/a>(DOE-TO), n\u00ba 6.682, desta ter\u00e7a-feira, 22, a Medida Provis\u00f3ria (MP) n\u00ba 23, que estabelece a indeniza\u00e7\u00e3o para profissionais de sa\u00fade que atuam em plant\u00f5es extraordin\u00e1rios nas unidades hospitalares e na Hemorrede, geridas pela Secretaria de Estado da Sa\u00fade (SES-TO). A a\u00e7\u00e3o tem como origem a necessidade de superar a defasagem e lacunas identificadas ao longo dos 20 anos de aplica\u00e7\u00e3o da Lei N\u00ba 1.448, de 3 de abril de 2004.<br><br>Dentre as categorias beneficiadas, destaca-se o aumento de 120% nos extras dos auxiliares de servi\u00e7os de sa\u00fade (de R$ 136,32 para R$ 300,00) e 47% para os t\u00e9cnicos de enfermagem (de R$ 237,60 para R$ 350,00), nos plant\u00f5es de 24 horas.<br><br>A MP busca garantir a cobertura de servi\u00e7os essenciais \u00e0 assist\u00eancia hospitalar dos pacientes que ingressarem nas unidades hospitalares e unidades da Hemorrede, ambas de assist\u00eancia especializada de m\u00e9dia e alta complexidade, com interven\u00e7\u00f5es no processo do cuidado, visando o tratamento e o restabelecimento das condi\u00e7\u00f5es de sa\u00fade do paciente, realizando atendimento m\u00e9dico, multidisciplinar, diagn\u00f3stico, tratamento e reabilita\u00e7\u00e3o, nas unidades especializadas envolvidas na assist\u00eancia direta aos pacientes.<\/p>\n\n\n\n<p>\u201cCom esta medida provis\u00f3ria vamos melhorar as condi\u00e7\u00f5es de gest\u00e3o dos recursos humanos nas unidades de sa\u00fade e assegurar um atendimento mais eficiente. Esta \u00e9 mais uma a\u00e7\u00e3o em busca de um SUS cada dia melhor e com assist\u00eancia continuada \u00e0 popula\u00e7\u00e3o que precisa da sa\u00fade p\u00fablica\u201d, afirmou o governador Wanderlei Barbosa.<\/p>\n\n\n\n<p>O Plant\u00e3o Extraordin\u00e1rio tem ainda como objetivo garantir a imediata recomposi\u00e7\u00e3o de escalas de servi\u00e7o de profissionais de sa\u00fade e substituir os servidores que est\u00e3o, por exemplo, de licen\u00e7a, com atestado m\u00e9dico, ou em gozo de f\u00e9rias e contempla 22 categorias: m\u00e9dico, cirurgi\u00e3o-dentista, auxiliar de servi\u00e7os de sa\u00fade, assistente de servi\u00e7os de sa\u00fade, auxiliar de enfermagem, t\u00e9cnico em enfermagem, instrumentador cir\u00fargico, t\u00e9cnico em imobiliza\u00e7\u00e3o ortop\u00e9dica, t\u00e9cnico em laborat\u00f3rio, assistente social, bi\u00f3logo em sa\u00fade, biom\u00e9dico, enfermeiro, farmac\u00eautico, farmac\u00eautico-bioqu\u00edmico, fonoaudi\u00f3logo, nutricionista, psic\u00f3logo, fisioterapeuta, terapeuta ocupacional, enfermeiro obstetra e perfusionista.<br><br>De acordo com a MP, a indeniza\u00e7\u00e3o \u00e9 destinada a servidores que exercem atividades essenciais para garantir o atendimento \u00e0 popula\u00e7\u00e3o. A proposta permite que servidores efetivos, estatut\u00e1rios, requisitados e admitidos temporariamente realizem plant\u00f5es, desde que respeitem as condi\u00e7\u00f5es estabelecidas, como n\u00e3o estar inativo ou afastado.<br><br>O secret\u00e1rio de Estado da Sa\u00fade, Carlos Felinto destacou que, \u201cvimos a necessidade de contemplar as unidades da Hemorrede, tendo em vista o crescimento da demanda por hemocomponentes ocasionada pelo aumento dos servi\u00e7os assistenciais de sa\u00fade p\u00fablicos e privados, principalmente pela amplia\u00e7\u00e3o da realiza\u00e7\u00e3o de cirurgias eletivas, as quais j\u00e1 superam os 44 mil pacientes beneficiados desde outubro de 2021\u201d.<br><br>A medida entra em vigor na data de sua publica\u00e7\u00e3o e revoga a Lei n\u00ba 1.448, de 2004, bem como os decretos nos 5.602, de 13 de mar\u00e7o de 2017, e 5.641, de 23 de maio de 2017.<br>\u00a0<\/p>\n\n\n\n<p><img src=\"https:\/\/central.to.gov.br\/image\/397881?w=670&amp;h=383\"><\/p>\n\n\n\n<p>Medida vale para as unidades geridas pela Secretaria de Estado da Sa\u00fade &#8211; Andr\u00e9 Ara\u00fajo\/Governo do Tocantins&nbsp;<a href=\"https:\/\/central.to.gov.br\/image\/397881?f=1\" target=\"_blank\" rel=\"noreferrer noopener\"><em>file_download<\/em><\/a><\/p>\n","protected":false},"excerpt":{"rendered":"<p>O Governo do Tocantins publicou no&nbsp;Di\u00e1rio Oficial do Estado&nbsp;(DOE-TO), n\u00ba 6.682, desta ter\u00e7a-feira, 22, a Medida Provis\u00f3ria (MP) n\u00ba 23, que estabelece a indeniza\u00e7\u00e3o para profissionais de sa\u00fade que atuam em plant\u00f5es extraordin\u00e1rios nas unidades hospitalares e na Hemorrede, geridas pela Secretaria de Estado da Sa\u00fade (SES-TO). A a\u00e7\u00e3o tem como origem a necessidade de [&hellip;]<\/p>\n","protected":false},"author":2,"featured_media":20915,"comment_status":"open","ping_status":"open","sticky":false,"template":"","format":"standard","meta":[],"categories":[3],"tags":[13],"_links":{"self":[{"href":"https:\/\/dgospel.com.br\/portal\/index.php\/wp-json\/wp\/v2\/posts\/20914"}],"collection":[{"href":"https:\/\/dgospel.com.br\/portal\/index.php\/wp-json\/wp\/v2\/posts"}],"about":[{"href":"https:\/\/dgospel.com.br\/portal\/index.php\/wp-json\/wp\/v2\/types\/post"}],"author":[{"embeddable":true,"href":"https:\/\/dgospel.com.br\/portal\/index.php\/wp-json\/wp\/v2\/users\/2"}],"replies":[{"embeddable":true,"href":"https:\/\/dgospel.com.br\/portal\/index.php\/wp-json\/wp\/v2\/comments?post=20914"}],"version-history":[{"count":1,"href":"https:\/\/dgospel.com.br\/portal\/index.php\/wp-json\/wp\/v2\/posts\/20914\/revisions"}],"predecessor-version":[{"id":20916,"href":"https:\/\/dgospel.com.br\/portal\/index.php\/wp-json\/wp\/v2\/posts\/20914\/revisions\/20916"}],"wp:featuredmedia":[{"embeddable":true,"href":"https:\/\/dgospel.com.br\/portal\/index.php\/wp-json\/wp\/v2\/media\/20915"}],"wp:attachment":[{"href":"https:\/\/dgospel.com.br\/portal\/index.php\/wp-json\/wp\/v2\/media?parent=20914"}],"wp:term":[{"taxonomy":"category","embeddable":true,"href":"https:\/\/dgospel.com.br\/portal\/index.php\/wp-json\/wp\/v2\/categories?post=20914"},{"taxonomy":"post_tag","embeddable":true,"href":"https:\/\/dgospel.com.br\/portal\/index.php\/wp-json\/wp\/v2\/tags?post=20914"}],"curies":[{"name":"wp","href":"https:\/\/api.w.org\/{rel}","templated":true}]}}