{"id":20924,"date":"2024-10-23T14:56:36","date_gmt":"2024-10-23T17:56:36","guid":{"rendered":"https:\/\/dgospel.com.br\/portal\/?p=20924"},"modified":"2024-10-23T14:56:38","modified_gmt":"2024-10-23T17:56:38","slug":"governo-lula-destina-r-83-milhoes-para-ongs-ligadas-ao-pt-e-aliados-via-programa-nacional-dos-comites-de-cultura","status":"publish","type":"post","link":"https:\/\/dgospel.com.br\/portal\/index.php\/2024\/10\/23\/governo-lula-destina-r-83-milhoes-para-ongs-ligadas-ao-pt-e-aliados-via-programa-nacional-dos-comites-de-cultura\/","title":{"rendered":"Governo Lula destina R$ 8,3 milh\u00f5es para ONGs ligadas ao PT e aliados, via Programa Nacional dos Comit\u00eas de Cultura"},"content":{"rendered":"\n<p>O Governo do presidente Luiz In\u00e1cio Lula da Silva (PT) autorizou a libera\u00e7\u00e3o de, no m\u00ednimo, R$ 8,3 milh\u00f5es para ONGs vinculadas ao partido e seus aliados. Esses recursos integram o Programa Nacional dos Comit\u00eas de Cultura (PNCC), lan\u00e7ado em setembro de 2023. A informa\u00e7\u00e3o foi divulgada pelo jornal Estado de S. Paulo.<\/p>\n\n\n\n<p>O PNCC foi desenhado para ampliar o acesso \u00e0s pol\u00edticas p\u00fablicas de cultura em todos os 26 estados e no Distrito Federal. A Secretaria dos Comit\u00eas de Cultura (SCC) \u00e9 respons\u00e1vel por coordenar o programa e definir, atrav\u00e9s de editais, quais organiza\u00e7\u00f5es ser\u00e3o contempladas com os recursos.<\/p>\n\n\n\n<p>A previs\u00e3o total de investimento no programa, entre 2023 e 2024, \u00e9 de R$ 58,8 milh\u00f5es, conforme anunciado pelo governo federal. Durante o lan\u00e7amento do programa, a ministra da Cultura, Margareth Menezes, ressaltou que a iniciativa partiu de uma proposta do pr\u00f3prio presidente Lula.<\/p>\n\n\n\n<p>Diante de questionamentos, o Minist\u00e9rio da Cultura garantiu que a escolha das ONGs seguiu crit\u00e9rios t\u00e9cnicos. O \u00f3rg\u00e3o destacou que a an\u00e1lise considerou apenas as propostas submetidas, sem influ\u00eancia de v\u00ednculos partid\u00e1rios. Ainda segundo o minist\u00e9rio, as organiza\u00e7\u00f5es contempladas passaram por uma verifica\u00e7\u00e3o que levou em conta sua experi\u00eancia e hist\u00f3rico de atua\u00e7\u00e3o na \u00e1rea cultural.<\/p>\n","protected":false},"excerpt":{"rendered":"<p>O Governo do presidente Luiz In\u00e1cio Lula da Silva (PT) autorizou a libera\u00e7\u00e3o de, no m\u00ednimo, R$ 8,3 milh\u00f5es para ONGs vinculadas ao partido e seus aliados. Esses recursos integram o Programa Nacional dos Comit\u00eas de Cultura (PNCC), lan\u00e7ado em setembro de 2023. A informa\u00e7\u00e3o foi divulgada pelo jornal Estado de S. Paulo. O PNCC [&hellip;]<\/p>\n","protected":false},"author":2,"featured_media":20925,"comment_status":"open","ping_status":"open","sticky":false,"template":"","format":"standard","meta":[],"categories":[10],"tags":[],"_links":{"self":[{"href":"https:\/\/dgospel.com.br\/portal\/index.php\/wp-json\/wp\/v2\/posts\/20924"}],"collection":[{"href":"https:\/\/dgospel.com.br\/portal\/index.php\/wp-json\/wp\/v2\/posts"}],"about":[{"href":"https:\/\/dgospel.com.br\/portal\/index.php\/wp-json\/wp\/v2\/types\/post"}],"author":[{"embeddable":true,"href":"https:\/\/dgospel.com.br\/portal\/index.php\/wp-json\/wp\/v2\/users\/2"}],"replies":[{"embeddable":true,"href":"https:\/\/dgospel.com.br\/portal\/index.php\/wp-json\/wp\/v2\/comments?post=20924"}],"version-history":[{"count":1,"href":"https:\/\/dgospel.com.br\/portal\/index.php\/wp-json\/wp\/v2\/posts\/20924\/revisions"}],"predecessor-version":[{"id":20926,"href":"https:\/\/dgospel.com.br\/portal\/index.php\/wp-json\/wp\/v2\/posts\/20924\/revisions\/20926"}],"wp:featuredmedia":[{"embeddable":true,"href":"https:\/\/dgospel.com.br\/portal\/index.php\/wp-json\/wp\/v2\/media\/20925"}],"wp:attachment":[{"href":"https:\/\/dgospel.com.br\/portal\/index.php\/wp-json\/wp\/v2\/media?parent=20924"}],"wp:term":[{"taxonomy":"category","embeddable":true,"href":"https:\/\/dgospel.com.br\/portal\/index.php\/wp-json\/wp\/v2\/categories?post=20924"},{"taxonomy":"post_tag","embeddable":true,"href":"https:\/\/dgospel.com.br\/portal\/index.php\/wp-json\/wp\/v2\/tags?post=20924"}],"curies":[{"name":"wp","href":"https:\/\/api.w.org\/{rel}","templated":true}]}}