{"id":20927,"date":"2024-10-23T15:09:42","date_gmt":"2024-10-23T18:09:42","guid":{"rendered":"https:\/\/dgospel.com.br\/portal\/?p=20927"},"modified":"2024-10-23T15:09:44","modified_gmt":"2024-10-23T18:09:44","slug":"cristaos-de-54-nacoes-celebram-festa-dos-tabernaculos-em-israel","status":"publish","type":"post","link":"https:\/\/dgospel.com.br\/portal\/index.php\/2024\/10\/23\/cristaos-de-54-nacoes-celebram-festa-dos-tabernaculos-em-israel\/","title":{"rendered":"Crist\u00e3os de 54 na\u00e7\u00f5es celebram Festa dos Tabern\u00e1culos em Israel"},"content":{"rendered":"\n<p>Apesar de Israel estar enfrentando uma guerra em sete frentes, os crist\u00e3os est\u00e3o se reunindo em Jerusal\u00e9m para uma demonstra\u00e7\u00e3o de unidade durante a&nbsp;<strong><a href=\"https:\/\/guiame.com.br\/gospel\/israel\/festa-dos-tabernaculos-o-que-e-sucot-e-seu-significado-profetico.html\">Festa dos Tabern\u00e1culos<\/a><\/strong>, conhecida em Israel como Sucot.<\/p>\n\n\n\n<p>Enfrentando o medo da guerra e as dificuldades de viagem causadas por cancelamentos de voos, os crist\u00e3os ainda assim chegaram em Israel para participar da celebra\u00e7\u00e3o b\u00edblica.<\/p>\n\n\n\n<p>Eles visitaram comunidades do sul de Israel que foram devastadas durante o ataque de<strong>&nbsp;<a href=\"https:\/\/guiame.com.br\/gospel\/israel\/israel-fara-dia-nacional-de-luto-pelo-ataque-de-7-de-outubro-segundo-calendario-hebraico.html\">7 de outubro<\/a><\/strong>&nbsp;de 2023, ouviram o relato de um soldado das For\u00e7as de Defesa de Israel e, na quinta noite da festa, o presidente Isaac Herzog os recebeu no Museu da Torre de Davi, em Jerusal\u00e9m.<\/p>\n\n\n\n<figure class=\"wp-block-image\"><img src=\"https:\/\/thumbor.guiame.com.br\/unsafe\/smart\/https:\/\/media.guiame.com.br\/archives\/2024\/10\/23\/3395228487-isaac-herzog.png\" alt=\"\"\/><\/figure>\n\n\n\n<p><sup>O presidente Isaac Herzog recebeu as caravanas no Museu da Torre de Davi. (Captura de tela\/CBN News)<\/sup><\/p>\n\n\n\n<p>Em seu discurso, Herzog disse \u00e0 multid\u00e3o de crist\u00e3os:<\/p>\n\n\n\n<p>&#8220;Neste momento de tanta dor, a sua reuni\u00e3o aqui diz de forma clara e alta: h\u00e1 uma resposta ao \u00f3dio, h\u00e1 uma resposta \u00e0 brutalidade, h\u00e1 uma resposta ao mal. Assim como tantas comunidades crist\u00e3s ao redor do mundo, voc\u00eas se uniram ao povo judeu em nossa hora de escurid\u00e3o.&#8221;<\/p>\n\n\n\n<p>Apesar da guerra, mais de 500 crist\u00e3os de cerca de 50 na\u00e7\u00f5es estiveram em Israel para apoiar o povo judeu e dizer: &#8220;Voc\u00eas n\u00e3o est\u00e3o sozinhos.&#8221;<\/p>\n\n\n\n<p>David Parsons, porta-voz s\u00eanior da Embaixada Crist\u00e3 Internacional em Jerusal\u00e9m, disse \u00e0 CBN News: &#8220;\u00c9 a maior miss\u00e3o de solidariedade a Israel desde que a guerra come\u00e7ou em 7 de outubro do ano passado \u2013 e \u00e9 uma miss\u00e3o de solidariedade crist\u00e3.&#8221;<\/p>\n\n\n\n<figure class=\"wp-block-image\"><img src=\"https:\/\/thumbor.guiame.com.br\/unsafe\/smart\/https:\/\/media.guiame.com.br\/archives\/2024\/10\/23\/2683367675-festa-dos-tabernaculos.png\" alt=\"\"\/><\/figure>\n\n\n\n<p><sup>Crist\u00e3os visitaram locais devastados pelos terroristas do Hamas. (Captura de tela\/CBN News)<\/sup><\/p>\n\n\n\n<p>Parsons acredita que a mensagem \u00e9 clara.<\/p>\n\n\n\n<p>&#8220;Queremos dizer ao povo de Israel que todas essas acusa\u00e7\u00f5es de genoc\u00eddio contra eles, todas as acusa\u00e7\u00f5es e as tentativas de envergonh\u00e1-los, ou a qualquer pessoa que os apoie, n\u00f3s estaremos aqui ao lado deles, sabendo que eles est\u00e3o lutando uma guerra justa de maneira moral&#8221;, afirmou Parsons.<\/p>\n\n\n\n<p><strong>Ex\u00e9rcito de Gide\u00e3o<\/strong><\/p>\n\n\n\n<p>O ICEJ tem realizado celebra\u00e7\u00f5es anuais desde 1980, atraindo milhares de participantes a cada edi\u00e7\u00e3o. No entanto, Parsons considera o encontro deste ano como algo \u00fanico.<\/p>\n\n\n\n<p>&#8220;Este \u00e9 um ex\u00e9rcito de Gide\u00e3o. Quando o Senhor disse a Gide\u00e3o para enviar o povo de volta para casa, ele disse que, se estivessem com medo, poderiam ir. Portanto, temos um grupo de pessoas de f\u00e9 de alto n\u00edvel que vieram aqui para fazer esta declara\u00e7\u00e3o de apoio a Israel&#8221;, declarou Parsons.<\/p>\n\n\n\n<p>Delega\u00e7\u00f5es de 54 pa\u00edses, incluindo alguns que n\u00e3o t\u00eam la\u00e7os diplom\u00e1ticos formais com Israel, trouxeram suas bandeiras na chamada das na\u00e7\u00f5es. O evento tamb\u00e9m contou com a presen\u00e7a de um crist\u00e3o iraniano.<\/p>\n\n\n\n<p>Eles se uniram em uma can\u00e7\u00e3o original sobre a liberdade dos ref\u00e9ns, inspirada no Salmo 126. A letra sonha sobre como o povo de Israel se alegrar\u00e1 quando os cativos forem libertados.<\/p>\n\n\n\n<p>O membro do Knesset e ex-prefeito de Jerusal\u00e9m, Nir Barkat, saudou os crist\u00e3os em nome do governo.<\/p>\n\n\n\n<p>&#8220;Acho que o ICEJ \u00e9 um dos segredos bem conhecidos do sucesso de Israel. O apoio que voc\u00eas nos oferecem em tempos bons e, hoje, em tempos dif\u00edceis, n\u00e3o deve ser dado como garantido. E estou aqui para saud\u00e1-los&#8221;, declarou Barkat.<\/p>\n\n\n\n<p><strong>Maior delega\u00e7\u00e3o<\/strong><\/p>\n\n\n\n<p>A maior delega\u00e7\u00e3o deste ano era a da Alemanha.<\/p>\n\n\n\n<p>Gottfried B\u00fchler, que trabalha com o ICEJ na Alemanha, nos disse: &#8220;Temos 65 pessoas participando. E por que estamos aqui? Queremos mostrar solidariedade nestes dias cr\u00edticos para Israel, para o povo judeu e para o Estado de Israel.&#8221;<\/p>\n\n\n\n<p>B\u00fchler observou que, embora eles possam ter medo entre alguns na multid\u00e3o, como crist\u00e3os que confiam na B\u00edblia, eles foram ousados \u200b\u200bo suficiente para vir.<\/p>\n\n\n\n<p>&#8220;A Alemanha tem uma hist\u00f3ria com o povo judeu, de 80 anos atr\u00e1s. E essas pessoas est\u00e3o assumindo a responsabilidade \u2013 elas n\u00e3o querem que a hist\u00f3ria se repita&#8221;, declarou ele.<\/p>\n\n\n\n<p><strong>\u2018Amigos na \u00c1frica do Sul\u2019<\/strong><\/p>\n\n\n\n<p>Vivienne Myburgh, do ICEJ-\u00c1frica do Sul, afirma que a postura anti-Israel de seu governo n\u00e3o reflete a opini\u00e3o de toda a popula\u00e7\u00e3o.<\/p>\n\n\n\n<p>&#8220;H\u00e1 muitas pessoas orando por Israel. Muitas est\u00e3o apoiando Israel em diversos n\u00edveis, financeiramente, em ora\u00e7\u00e3o e defendendo sua causa&#8221;, disse Myburgh.<\/p>\n\n\n\n<p>Os apoiadores de Israel na \u00c1frica do Sul est\u00e3o seguindo a injun\u00e7\u00e3o b\u00edblica de celebrar a festa em Jerusal\u00e9m e de estar ao lado de Israel. Ela observou que o ato de solidariedade dos crist\u00e3os emocionou muitos.<\/p>\n\n\n\n<p>&#8220;Nosso objetivo foi alcan\u00e7ar as pessoas, trouxemos presentes e cartas para encoraj\u00e1-las, e elas est\u00e3o se sentindo muito incentivadas&#8221;, relatou ela.<\/p>\n\n\n\n<p>Um dos objetivos de Myburgh \u00e9 deixar os israelenses saberem que eles t\u00eam muitos amigos na \u00c1frica do Sul.<\/p>\n\n\n\n<p>&#8220;Estamos ao seu lado e continuaremos a orar por voc\u00eas, a orar para que seus ref\u00e9ns voltem para casa, a orar pela prote\u00e7\u00e3o de seus soldados em Gaza e na fronteira norte&#8221;, disse ela. &#8220;E sabemos que Deus est\u00e1 vigiando voc\u00eas. Sabemos que Ele est\u00e1 cumprindo Seus planos e prop\u00f3sitos na na\u00e7\u00e3o de Israel hoje, e nos sentimos aben\u00e7oados por fazer parte disso.&#8221;<\/p>\n","protected":false},"excerpt":{"rendered":"<p>Apesar de Israel estar enfrentando uma guerra em sete frentes, os crist\u00e3os est\u00e3o se reunindo em Jerusal\u00e9m para uma demonstra\u00e7\u00e3o de unidade durante a&nbsp;Festa dos Tabern\u00e1culos, conhecida em Israel como Sucot. Enfrentando o medo da guerra e as dificuldades de viagem causadas por cancelamentos de voos, os crist\u00e3os ainda assim chegaram em Israel para participar [&hellip;]<\/p>\n","protected":false},"author":2,"featured_media":20928,"comment_status":"open","ping_status":"open","sticky":false,"template":"","format":"standard","meta":[],"categories":[12,5],"tags":[],"_links":{"self":[{"href":"https:\/\/dgospel.com.br\/portal\/index.php\/wp-json\/wp\/v2\/posts\/20927"}],"collection":[{"href":"https:\/\/dgospel.com.br\/portal\/index.php\/wp-json\/wp\/v2\/posts"}],"about":[{"href":"https:\/\/dgospel.com.br\/portal\/index.php\/wp-json\/wp\/v2\/types\/post"}],"author":[{"embeddable":true,"href":"https:\/\/dgospel.com.br\/portal\/index.php\/wp-json\/wp\/v2\/users\/2"}],"replies":[{"embeddable":true,"href":"https:\/\/dgospel.com.br\/portal\/index.php\/wp-json\/wp\/v2\/comments?post=20927"}],"version-history":[{"count":1,"href":"https:\/\/dgospel.com.br\/portal\/index.php\/wp-json\/wp\/v2\/posts\/20927\/revisions"}],"predecessor-version":[{"id":20929,"href":"https:\/\/dgospel.com.br\/portal\/index.php\/wp-json\/wp\/v2\/posts\/20927\/revisions\/20929"}],"wp:featuredmedia":[{"embeddable":true,"href":"https:\/\/dgospel.com.br\/portal\/index.php\/wp-json\/wp\/v2\/media\/20928"}],"wp:attachment":[{"href":"https:\/\/dgospel.com.br\/portal\/index.php\/wp-json\/wp\/v2\/media?parent=20927"}],"wp:term":[{"taxonomy":"category","embeddable":true,"href":"https:\/\/dgospel.com.br\/portal\/index.php\/wp-json\/wp\/v2\/categories?post=20927"},{"taxonomy":"post_tag","embeddable":true,"href":"https:\/\/dgospel.com.br\/portal\/index.php\/wp-json\/wp\/v2\/tags?post=20927"}],"curies":[{"name":"wp","href":"https:\/\/api.w.org\/{rel}","templated":true}]}}