{"id":20930,"date":"2024-10-25T17:52:59","date_gmt":"2024-10-25T20:52:59","guid":{"rendered":"https:\/\/dgospel.com.br\/portal\/?p=20930"},"modified":"2024-10-25T17:53:01","modified_gmt":"2024-10-25T20:53:01","slug":"governadores-de-direita-rejeitam-cobranca-do-spvat-em-seus-estados","status":"publish","type":"post","link":"https:\/\/dgospel.com.br\/portal\/index.php\/2024\/10\/25\/governadores-de-direita-rejeitam-cobranca-do-spvat-em-seus-estados\/","title":{"rendered":"Governadores de Direita rejeitam cobran\u00e7a do SPVAT em seus estados"},"content":{"rendered":"\n<p>Os governadores de S\u00e3o Paulo, Tarc\u00edsio Gomes de Freitas (Republicanos), e de Goi\u00e1s, Ronaldo Caiado (Uni\u00e3o Brasil), se juntaram aos Estados que recusaram a cobran\u00e7a do novo Seguro Obrigat\u00f3rio para Prote\u00e7\u00e3o de V\u00edtimas de Acidentes de Tr\u00e2nsito (SPVAT), criado ap\u00f3s o presidente Luiz In\u00e1cio Lula da Silva (PT) restabelecer o antigo DPVAT, extinto em 2019 pelo ex-presidente Jair Bolsonaro (PL). A medida foi alvo de resist\u00eancia entre governadores de direita, que criticaram o retorno da cobran\u00e7a prevista para 2025.<\/p>\n\n\n\n<p>Tarc\u00edsio e Caiado, junto com outros governadores como Romeu Zema (Novo-MG), Jorginho Mello (PL-SC), Ibaneis Rocha (MDB-DF) e Ratinho J\u00fanior (PSD-PR), afirmaram que n\u00e3o ir\u00e3o aderir ao conv\u00eanio proposto pela Caixa Econ\u00f4mica Federal, que prev\u00ea que o Detran de cada estado seria respons\u00e1vel por incluir o SPVAT no licenciamento anual dos ve\u00edculos. Os valores arrecadados seriam em grande parte repassados \u00e0 Uni\u00e3o.<\/p>\n\n\n\n<p>Ibaneis Rocha, do Distrito Federal, anunciou que a decis\u00e3o de n\u00e3o implementar a cobran\u00e7a foi tomada para evitar o impacto financeiro nas fam\u00edlias. \u201cOptamos por n\u00e3o implementar a cobran\u00e7a do novo DPVAT, que vai entrar em vigor a partir de 2025, priorizando o bem-estar da popula\u00e7\u00e3o\u201d, afirmou.<\/p>\n\n\n\n<p>O SPVAT foi restabelecido pela Lei Complementar n\u00ba 207, sancionada por Lula em maio de 2024, e prev\u00ea o pagamento obrigat\u00f3rio de todos os propriet\u00e1rios de ve\u00edculos no Brasil. O seguro visa cobrir indeniza\u00e7\u00f5es por danos causados por ve\u00edculos ou suas cargas. No entanto, governadores como Romeu Zema, de Minas Gerais, chamaram o retorno do DPVAT de \u201cabsurdo\u201d, acusando-o de ser um \u201cimposto disfar\u00e7ado\u201d que beneficia poucos.<\/p>\n\n\n\n<p>Jorginho Mello, de Santa Catarina, tamb\u00e9m criticou a medida, afirmando que ela traria aumento de impostos para os catarinenses, enquanto Ronaldo Caiado, de Goi\u00e1s, questionou a responsabilidade do governo federal na gest\u00e3o dos recursos p\u00fablicos.<\/p>\n\n\n\n<p>A rejei\u00e7\u00e3o de v\u00e1rios estados, especialmente os liderados por governadores alinhados a Bolsonaro, reflete a divis\u00e3o pol\u00edtica em torno da medida, que visa restaurar um seguro anteriormente contestado e extinto, mas agora reintroduzido sob a administra\u00e7\u00e3o de Lula.<\/p>\n","protected":false},"excerpt":{"rendered":"<p>Os governadores de S\u00e3o Paulo, Tarc\u00edsio Gomes de Freitas (Republicanos), e de Goi\u00e1s, Ronaldo Caiado (Uni\u00e3o Brasil), se juntaram aos Estados que recusaram a cobran\u00e7a do novo Seguro Obrigat\u00f3rio para Prote\u00e7\u00e3o de V\u00edtimas de Acidentes de Tr\u00e2nsito (SPVAT), criado ap\u00f3s o presidente Luiz In\u00e1cio Lula da Silva (PT) restabelecer o antigo DPVAT, extinto em 2019 [&hellip;]<\/p>\n","protected":false},"author":2,"featured_media":20931,"comment_status":"open","ping_status":"open","sticky":false,"template":"","format":"standard","meta":[],"categories":[12,10],"tags":[],"_links":{"self":[{"href":"https:\/\/dgospel.com.br\/portal\/index.php\/wp-json\/wp\/v2\/posts\/20930"}],"collection":[{"href":"https:\/\/dgospel.com.br\/portal\/index.php\/wp-json\/wp\/v2\/posts"}],"about":[{"href":"https:\/\/dgospel.com.br\/portal\/index.php\/wp-json\/wp\/v2\/types\/post"}],"author":[{"embeddable":true,"href":"https:\/\/dgospel.com.br\/portal\/index.php\/wp-json\/wp\/v2\/users\/2"}],"replies":[{"embeddable":true,"href":"https:\/\/dgospel.com.br\/portal\/index.php\/wp-json\/wp\/v2\/comments?post=20930"}],"version-history":[{"count":1,"href":"https:\/\/dgospel.com.br\/portal\/index.php\/wp-json\/wp\/v2\/posts\/20930\/revisions"}],"predecessor-version":[{"id":20932,"href":"https:\/\/dgospel.com.br\/portal\/index.php\/wp-json\/wp\/v2\/posts\/20930\/revisions\/20932"}],"wp:featuredmedia":[{"embeddable":true,"href":"https:\/\/dgospel.com.br\/portal\/index.php\/wp-json\/wp\/v2\/media\/20931"}],"wp:attachment":[{"href":"https:\/\/dgospel.com.br\/portal\/index.php\/wp-json\/wp\/v2\/media?parent=20930"}],"wp:term":[{"taxonomy":"category","embeddable":true,"href":"https:\/\/dgospel.com.br\/portal\/index.php\/wp-json\/wp\/v2\/categories?post=20930"},{"taxonomy":"post_tag","embeddable":true,"href":"https:\/\/dgospel.com.br\/portal\/index.php\/wp-json\/wp\/v2\/tags?post=20930"}],"curies":[{"name":"wp","href":"https:\/\/api.w.org\/{rel}","templated":true}]}}