{"id":2094,"date":"2018-12-17T17:19:16","date_gmt":"2018-12-17T19:19:16","guid":{"rendered":"http:\/\/dgospel.com.br\/portal\/?p=2094"},"modified":"2018-12-17T17:19:16","modified_gmt":"2018-12-17T19:19:16","slug":"ovacionado-siqueira-campos-e-diplomado-no-tre","status":"publish","type":"post","link":"https:\/\/dgospel.com.br\/portal\/index.php\/2018\/12\/17\/ovacionado-siqueira-campos-e-diplomado-no-tre\/","title":{"rendered":"Ovacionado, Siqueira Campos \u00e9 diplomado no TRE"},"content":{"rendered":"<p>O ex-governador Siqueira Campos (DEM) foi diplomado suplente de Senador, na chapa encabe\u00e7ada pelo senador eleito, Eduardo Gomes (SD), na manh\u00e3 desta segunda-feira, 17. Mesmo ainda se recuperando da cirurgia realizada em setembro, Siqueira Campos fez quest\u00e3o de receber pessoalmente o diploma pela elei\u00e7\u00e3o no \u00faltimo m\u00eas de outubro.<\/p>\n<p>Ovacionado pelos presentes quando citado em pronunciamento pelo presidente do Tribunal Regional Eleitoral, desembargador Marco Antony Vilas Boas, o ex-governador teve seu trabalho reconhecido pelo presidente da Corte Eleitoral, por dedicar a maior parte da sua vida pela cria\u00e7\u00e3o e consolida\u00e7\u00e3o do Estado do Tocantins. A chapa de Eduardo Gomes, Siqueira Campos e Ogari Pacheco (DEM \u2013 2\u00ba suplente) foi eleita com 248.358 votos, ocupando a primeira das duas vagas em disputa para o Senado pelo Tocantins nas elei\u00e7\u00f5es de 2018.<\/p>\n","protected":false},"excerpt":{"rendered":"<p>O ex-governador Siqueira Campos (DEM) foi diplomado suplente de Senador, na chapa encabe\u00e7ada pelo senador eleito, Eduardo Gomes (SD), na manh\u00e3 desta segunda-feira, 17. Mesmo ainda se recuperando da cirurgia realizada em setembro, Siqueira Campos fez quest\u00e3o de receber pessoalmente o diploma pela elei\u00e7\u00e3o no \u00faltimo m\u00eas de outubro. Ovacionado pelos presentes quando citado em [&hellip;]<\/p>\n","protected":false},"author":2,"featured_media":2095,"comment_status":"open","ping_status":"open","sticky":false,"template":"","format":"standard","meta":[],"categories":[2,4],"tags":[],"_links":{"self":[{"href":"https:\/\/dgospel.com.br\/portal\/index.php\/wp-json\/wp\/v2\/posts\/2094"}],"collection":[{"href":"https:\/\/dgospel.com.br\/portal\/index.php\/wp-json\/wp\/v2\/posts"}],"about":[{"href":"https:\/\/dgospel.com.br\/portal\/index.php\/wp-json\/wp\/v2\/types\/post"}],"author":[{"embeddable":true,"href":"https:\/\/dgospel.com.br\/portal\/index.php\/wp-json\/wp\/v2\/users\/2"}],"replies":[{"embeddable":true,"href":"https:\/\/dgospel.com.br\/portal\/index.php\/wp-json\/wp\/v2\/comments?post=2094"}],"version-history":[{"count":1,"href":"https:\/\/dgospel.com.br\/portal\/index.php\/wp-json\/wp\/v2\/posts\/2094\/revisions"}],"predecessor-version":[{"id":2096,"href":"https:\/\/dgospel.com.br\/portal\/index.php\/wp-json\/wp\/v2\/posts\/2094\/revisions\/2096"}],"wp:featuredmedia":[{"embeddable":true,"href":"https:\/\/dgospel.com.br\/portal\/index.php\/wp-json\/wp\/v2\/media\/2095"}],"wp:attachment":[{"href":"https:\/\/dgospel.com.br\/portal\/index.php\/wp-json\/wp\/v2\/media?parent=2094"}],"wp:term":[{"taxonomy":"category","embeddable":true,"href":"https:\/\/dgospel.com.br\/portal\/index.php\/wp-json\/wp\/v2\/categories?post=2094"},{"taxonomy":"post_tag","embeddable":true,"href":"https:\/\/dgospel.com.br\/portal\/index.php\/wp-json\/wp\/v2\/tags?post=2094"}],"curies":[{"name":"wp","href":"https:\/\/api.w.org\/{rel}","templated":true}]}}