{"id":20942,"date":"2024-10-28T17:03:59","date_gmt":"2024-10-28T20:03:59","guid":{"rendered":"https:\/\/dgospel.com.br\/portal\/?p=20942"},"modified":"2024-10-28T17:04:00","modified_gmt":"2024-10-28T20:04:00","slug":"em-sao-paulo-governo-do-tocantins-busca-solucoes-para-gestao-de-residuos-solidos","status":"publish","type":"post","link":"https:\/\/dgospel.com.br\/portal\/index.php\/2024\/10\/28\/em-sao-paulo-governo-do-tocantins-busca-solucoes-para-gestao-de-residuos-solidos\/","title":{"rendered":"Em S\u00e3o Paulo, Governo do Tocantins busca solu\u00e7\u00f5es para gest\u00e3o de res\u00edduos s\u00f3lidos"},"content":{"rendered":"\n<p>O Governo do Tocantins, por meio da Secretaria do Meio Ambiente e Recursos H\u00eddricos (Semarh), participou entre os dias 22 a 24, da Waste Expo Brasil, realizada em S\u00e3o Paulo. O evento \u00e9 considerado o mais importante da Am\u00e9rica Latina voltado exclusivamente para a Gest\u00e3o de Res\u00edduos S\u00f3lidos, Reciclagem, Gera\u00e7\u00e3o de Energia Sustent\u00e1vel, Limpeza P\u00fablica e Saneamento Urbano.<\/p>\n\n\n\n<p>Durante a estadia na capital paulista, a secret\u00e1ria executiva da Semarh, M\u00f4nica Avelino Arrais; e a diretora de Gest\u00e3o de Res\u00edduos S\u00f3lidos da Semarh, Ellen Amaral, realizaram visitas a empresas e institui\u00e7\u00f5es do setor, com o objetivo de adquirir conhecimentos e identificar solu\u00e7\u00f5es inovadoras para a gest\u00e3o de res\u00edduos s\u00f3lidos no Tocantins. A agenda come\u00e7ou na ter\u00e7a-feira, dia 22, com uma visita t\u00e9cnica \u00e0 Green Mining, empresa especializada em log\u00edstica reversa. O objetivo foi avan\u00e7ar em um acordo de coopera\u00e7\u00e3o t\u00e9cnica que busca implementar a log\u00edstica reversa no Tocantins, uma solu\u00e7\u00e3o que permite recuperar embalagens p\u00f3s-consumo para reciclagem ou reutiliza\u00e7\u00e3o, evitando o descarte em aterros sanit\u00e1rios.<\/p>\n\n\n\n<p>A secret\u00e1ria executiva da Semarh, M\u00f4nica Arrais, enfatizou o incentivo do governador Wanderlei Barbosa em aprimorar as pol\u00edticas p\u00fablicas de reciclagem e preserva\u00e7\u00e3o ambiental. &#8220;As visitas t\u00e9cnicas realizadas foram muito interessantes, pois nos permitiu conhecer um novo processo de reaproveitamento de materiais e observar as particularidades das pr\u00e1ticas de gest\u00e3o de res\u00edduos em diferentes institui\u00e7\u00f5es. Isso certamente contribuir\u00e1 para decis\u00f5es mais assertivas em rela\u00e7\u00e3o a esta pol\u00edtica em nosso estado&#8221;, afirmou.<\/p>\n\n\n\n<p>Encerrando a agenda, as t\u00e9cnicas foram \u00e0 Piracicaba visitar a Organiza\u00e7\u00e3o da Sociedade Civil de Interesse P\u00fablico (Oscip) Future Mind e ao Grupo Atlantic C02, este \u00faltimo que utiliza uma tecnologia de combust\u00e3o capaz de transformar biomassa em bio-\u00f3leo, biog\u00e1s e biochar.<\/p>\n\n\n\n<p>&#8220;A Semarh est\u00e1 comprometida em mapear os diversos tipos de res\u00edduos e conhecer novas tecnologias dispon\u00edveis fora do estado, com o objetivo de atrair investidores e solu\u00e7\u00f5es inovadoras para o Tocantins&#8221;, ressaltou a diretora Ellen Amaral.<\/p>\n\n\n\n<p>A participa\u00e7\u00e3o na Waste Expo Brasil e as visitas t\u00e9cnicas refor\u00e7am o compromisso da Semarh em desenvolver e implementar pr\u00e1ticas sustent\u00e1veis para a gest\u00e3o dos res\u00edduos s\u00f3lidos no Tocantins, promovendo avan\u00e7os significativos em reciclagem e sustentabilidade.<\/p>\n\n\n\n<p><img src=\"https:\/\/central.to.gov.br\/image\/398418?w=670&amp;h=383\"><\/p>\n\n\n\n<p>T\u00e9cnicos do Governo em visita \u00e0 Atlantic C02, que utiliza tecnologia de combust\u00e3o capaz de transformar biomassa em bio\u00f3leo, biog\u00e1s e biochar &#8211; Semarh\/Governo do Tocantins&nbsp;<a href=\"https:\/\/central.to.gov.br\/image\/398418?f=1\" target=\"_blank\" rel=\"noreferrer noopener\"><em>file_download<\/em><\/a><\/p>\n\n\n\n<p><img src=\"https:\/\/central.to.gov.br\/image\/398417?w=670&amp;h=383\"><\/p>\n\n\n\n<p>Secret\u00e1ria Executiva M\u00f4nica e a diretora Ellen com o presidente do Instituto Valoriza Res\u00edduos Jo\u00e3o Gianesi Netto &#8211; Semarh\/Governo do Tocantins\u00a0<\/p>\n","protected":false},"excerpt":{"rendered":"<p>O Governo do Tocantins, por meio da Secretaria do Meio Ambiente e Recursos H\u00eddricos (Semarh), participou entre os dias 22 a 24, da Waste Expo Brasil, realizada em S\u00e3o Paulo. O evento \u00e9 considerado o mais importante da Am\u00e9rica Latina voltado exclusivamente para a Gest\u00e3o de Res\u00edduos S\u00f3lidos, Reciclagem, Gera\u00e7\u00e3o de Energia Sustent\u00e1vel, Limpeza P\u00fablica [&hellip;]<\/p>\n","protected":false},"author":2,"featured_media":20943,"comment_status":"open","ping_status":"open","sticky":false,"template":"","format":"standard","meta":[],"categories":[3],"tags":[13],"_links":{"self":[{"href":"https:\/\/dgospel.com.br\/portal\/index.php\/wp-json\/wp\/v2\/posts\/20942"}],"collection":[{"href":"https:\/\/dgospel.com.br\/portal\/index.php\/wp-json\/wp\/v2\/posts"}],"about":[{"href":"https:\/\/dgospel.com.br\/portal\/index.php\/wp-json\/wp\/v2\/types\/post"}],"author":[{"embeddable":true,"href":"https:\/\/dgospel.com.br\/portal\/index.php\/wp-json\/wp\/v2\/users\/2"}],"replies":[{"embeddable":true,"href":"https:\/\/dgospel.com.br\/portal\/index.php\/wp-json\/wp\/v2\/comments?post=20942"}],"version-history":[{"count":1,"href":"https:\/\/dgospel.com.br\/portal\/index.php\/wp-json\/wp\/v2\/posts\/20942\/revisions"}],"predecessor-version":[{"id":20944,"href":"https:\/\/dgospel.com.br\/portal\/index.php\/wp-json\/wp\/v2\/posts\/20942\/revisions\/20944"}],"wp:featuredmedia":[{"embeddable":true,"href":"https:\/\/dgospel.com.br\/portal\/index.php\/wp-json\/wp\/v2\/media\/20943"}],"wp:attachment":[{"href":"https:\/\/dgospel.com.br\/portal\/index.php\/wp-json\/wp\/v2\/media?parent=20942"}],"wp:term":[{"taxonomy":"category","embeddable":true,"href":"https:\/\/dgospel.com.br\/portal\/index.php\/wp-json\/wp\/v2\/categories?post=20942"},{"taxonomy":"post_tag","embeddable":true,"href":"https:\/\/dgospel.com.br\/portal\/index.php\/wp-json\/wp\/v2\/tags?post=20942"}],"curies":[{"name":"wp","href":"https:\/\/api.w.org\/{rel}","templated":true}]}}