{"id":20945,"date":"2024-10-28T17:06:21","date_gmt":"2024-10-28T20:06:21","guid":{"rendered":"https:\/\/dgospel.com.br\/portal\/?p=20945"},"modified":"2024-10-28T17:06:22","modified_gmt":"2024-10-28T20:06:22","slug":"dia-do-servidor-governo-do-tocantins-celebra-a-data-garantindo-direitos-e-promovendo-a-realizacao-de-novos-concursos","status":"publish","type":"post","link":"https:\/\/dgospel.com.br\/portal\/index.php\/2024\/10\/28\/dia-do-servidor-governo-do-tocantins-celebra-a-data-garantindo-direitos-e-promovendo-a-realizacao-de-novos-concursos\/","title":{"rendered":"Dia do Servidor: Governo do Tocantins celebra a data garantindo direitos e promovendo a realiza\u00e7\u00e3o de novos concursos"},"content":{"rendered":"\n<p>O Governo do Tocantins celebra nesta segunda-feira, 28, o Dia do Servidor P\u00fablico. A data reconhece e valoriza a importante atua\u00e7\u00e3o desses trabalhadores que s\u00e3o a base do funcionamento do Estado. Desde que assumiu como Chefe do Poder Executivo, o governador Wanderlei Barbosa j\u00e1 assegurou mais de 113 mil progress\u00f5es para os servidores estaduais, que, com compet\u00eancia, empenho e compromisso, garantem que a popula\u00e7\u00e3o tocantinense tenha acesso a servi\u00e7os essenciais de qualidade.<\/p>\n\n\n\n<p>&#8220;Parabenizo todos os servidores do nosso Estado, sejam efetivos, comissionados ou contratos tempor\u00e1rios, pois eles s\u00e3o a espinha dorsal do Governo, e refor\u00e7o o compromisso de seguir zelando por estes profissionais que, brilhantemente, atuam para que nosso Tocantins siga avan\u00e7ando cada vez mais. Durante esses tr\u00eas anos de Governo, estamos pagando os passivos que o Estado devia aos servidores, reconhecendo o importante papel que desempenham em prol da popula\u00e7\u00e3o tocantinense&#8221;, destaca o governador Wanderlei Barbosa.<\/p>\n\n\n\n<p><strong>Progress\u00f5es e Data-base<\/strong><\/p>\n\n\n\n<p>Como forma de reconhecer e dar m\u00e9rito pelo avan\u00e7o na melhoria da qualidade de vida da popula\u00e7\u00e3o, promovida pelo empenho dos servidores do Estado, o Governo do Tocantins, com a san\u00e7\u00e3o da Lei N\u00b0 3.901\/22, fruto dos esfor\u00e7os conjuntos do Governador e da Assembleia Legislativa, concedeu, at\u00e9 o momento, mais de 113 mil progress\u00f5es horizontais e verticais, que estavam represadas h\u00e1 mais de 7 anos, atendendo servidores dos diversos quadros do Poder Executivo. As datas-bases, inclusive, foram todas asseguradas na atual gest\u00e3o, de 2022, 2023 e 2024, as duas \u00faltimas, inclusive, pela primeira vez na hist\u00f3ria do Tocantins, com \u00edndice igual ao de todos os poderes e \u00f3rg\u00e3os do Estado como tamb\u00e9m estendendo \u00e0 corre\u00e7\u00e3o salarial aos servidores comissionados.<\/p>\n\n\n\n<p><strong>Concursos p\u00fablicos<\/strong><\/p>\n\n\n\n<p>Em 2023, foi realizado o concurso do quadro da Educa\u00e7\u00e3o, que ofertou 5.242 vagas, visando atender 135 munic\u00edpios do Estado. Com posse iniciada em janeiro de 2024, j\u00e1 foram convocados 4.279 aprovados. Patr\u00edcia Marinho integra o time de aprovados que j\u00e1 est\u00e3o atuando nas unidades de ensino. A professora relata que se tornar servidora p\u00fablica no Tocantins sempre foi um desejo. &#8220;O processo, que foi bem r\u00e1pido, sempre foi um sonho meu. O servidor p\u00fablico tem um papel muito importante dentro da administra\u00e7\u00e3o, porque aproxima os cidad\u00e3os aos seus direitos. N\u00f3s temos esse papel de aproxima\u00e7\u00e3o da popula\u00e7\u00e3o com as pol\u00edticas p\u00fablicas, e eu, como professora, busco sempre contribuir para a educa\u00e7\u00e3o no setor estadual&#8221;, pontuou a educadora empossada neste ano.<\/p>\n\n\n\n<p>Para refor\u00e7ar a seguran\u00e7a no Estado, o efetivo da Pol\u00edcia Militar (PM) recebeu mais mil novos soldados convocados pelo concurso e, recentemente, foi anunciada a Funda\u00e7\u00e3o Getulio Vargas (FGV) para dar in\u00edcio aos procedimentos para a realiza\u00e7\u00e3o de um novo certame, que ir\u00e1 ofertar mais de 600 novas vagas. A Secretaria da Seguran\u00e7a P\u00fablica (SSP) tamb\u00e9m teve concurso p\u00fablico anunciado pelo Governador no dia 18 de outubro, no qual ser\u00e3o oferecidas 381 vagas com edital previsto para publica\u00e7\u00e3o ainda neste ano.&nbsp;<\/p>\n\n\n\n<p>O cadete Luan de Oliveira Noleto, do Corpo de Bombeiros Militar do Tocantins, foi um dos 110 convocados pelo concurso do quadro da corpora\u00e7\u00e3o realizado no ano passado. Ele integrou o grupo de 20 que iniciou, em abril, o Curso de Forma\u00e7\u00e3o de Oficiais (CFO), com instru\u00e7\u00f5es na pr\u00f3pria Academia de Forma\u00e7\u00e3o de Bombeiros Militares, integrando a primeira turma a adquirir forma\u00e7\u00e3o na Capital. Empossado tamb\u00e9m em 2024,&nbsp; Luan de Oliveira relata que, apesar de ainda estar em forma\u00e7\u00e3o, j\u00e1 teve a oportunidade de atuar durante a temporada de praia e no combate \u00e0s queimadas, durante o per\u00edodo de estiagem neste ano.<\/p>\n\n\n\n<p>&#8220;Sou de Bras\u00edlia, mas minha fam\u00edlia paterna mora no Tocantins e, por isso, sempre tive uma liga\u00e7\u00e3o com o Estado. Logo me empolguei quando vi a oportunidade do concurso. Nossa atividade, enquanto bombeiros, causa muito impacto na vida das pessoas. Nosso lema \u00e9 &#8216;Vidas alheias e riquezas salvar&#8217;, e isso nos traz muita responsabilidade. Minhas expectativas s\u00e3o de aprender e adquirir o m\u00e1ximo de conhecimento poss\u00edvel para oferecer um servi\u00e7o cada vez melhor \u00e0 popula\u00e7\u00e3o&#8221;, salienta o bombeiro militar Luan de Oliveira.<\/p>\n\n\n\n<p>Foram constitu\u00eddas, ainda, comiss\u00f5es para estudo de viabilidade dos concursos para Policial Penal; Instituto de Desenvolvimento Rural do Estado do Tocantins (Ruraltins); Instituto Natureza do Tocantins (Naturatins); Ag\u00eancia de Defesa Agropecu\u00e1ria (Adapec) e Quadro Geral do Poder Executivo.<\/p>\n\n\n\n<p><strong>Capacita\u00e7\u00f5es<\/strong><\/p>\n\n\n\n<p>De 2021 at\u00e9 o primeiro quadrimestre de 2024, foram emitidas pela Secretaria da Administra\u00e7\u00e3o (Secad), Escola de Governo (Egov) e demais \u00f3rg\u00e3os aproximadamente 65.373 certifica\u00e7\u00f5es, por meio do Programa de Capacita\u00e7\u00e3o de Servidores do Poder Executivo Estadual. Dessas, 12.667 foram emitidas pela Escola de Governo e 52.706 pelos diversos \u00f3rg\u00e3os do Poder Executivo, com dota\u00e7\u00e3o pr\u00f3pria.<\/p>\n\n\n\n<p>A m\u00e9dica Iara Vieira \u00e9 lotada no Hospital Regional de Arraias, no sudeste do Estado. Ela, que cresceu no Tocantins, conta que, apesar da possibilidade de atuar em outros lugares, sempre pensou em trabalhar no Estado. &#8220;Sou uma filha desta terra, minha fam\u00edlia escolheu o Tocantins para viver e foi onde cresci. Me formei no come\u00e7o do ano, na Universidade Federal do Tocantins (UFT), em Palmas. No mesmo per\u00edodo, meu noivo, que tamb\u00e9m \u00e9 m\u00e9dico, j\u00e1 atuava no Hospital Regional de Arraias e me informou sobre uma vaga. Eu tentei e deu certo. Desde ent\u00e3o, tenho gostado cada vez mais de trabalhar aqui. Al\u00e9m de atuarmos com uma equipe boa, bem qualificada e dedicada, do mais simples pedido ao mais complexo, a dire\u00e7\u00e3o do hospital \u00e9 muito aberta e interessada em ouvir as demandas dos servidores. Isso tudo nos proporciona um ambiente incr\u00edvel de trabalho, e sabemos que isso \u00e9 um reflexo de como o Estado \u00e9 gerido, de um modo geral&#8221;, ressaltou a m\u00e9dica.<\/p>\n\n\n\n<p><strong>Aux\u00edlio-alimenta\u00e7\u00e3o<\/strong><\/p>\n\n\n\n<p>Benef\u00edcios como aux\u00edlio-alimenta\u00e7\u00e3o tamb\u00e9m foram garantidos pelo Governo do Estado para servidores efetivos e contratados. Por meio da Medida Provis\u00f3ria n\u00ba 24, de 28 de novembro de 2023, convertida na Lei N\u00ba 4.297, de 14 de dezembro de 2023, e na Lei N\u00ba 4.379, de 14 de mar\u00e7o de 2024, quem recebe sal\u00e1rios de at\u00e9 R$ 2.824 passou a receber tamb\u00e9m o aux\u00edlio-alimenta\u00e7\u00e3o no valor de R$ 300.<\/p>\n\n\n\n<p><strong>Clube de Benef\u00edcios do Servidor<\/strong><\/p>\n\n\n\n<p>Por meio de uma parceria da Secad com a Secretaria de Ind\u00fastria e Com\u00e9rcio (Sics), foi poss\u00edvel relan\u00e7ar o programa do Clube de Benef\u00edcios do Servidor, que oferece descontos exclusivos para os servidores ativos e inativos, incluindo comissionados e contratados. Atualmente, o programa beneficia os servidores com descontos em farm\u00e1cias, faculdades, escolas, hot\u00e9is, postos de combust\u00edveis, restaurantes, oficinas, \u00f3ticas, cl\u00ednicas m\u00e9dicas, entre outros. J\u00e1 s\u00e3o mais de 100 empresas parceiras distribu\u00eddas em 20 munic\u00edpios do Tocantins.<\/p>\n\n\n\n<p><strong>Servidor do Futuro<\/strong><\/p>\n\n\n\n<p>Em todo o Estado, s\u00e3o debatidos e garantidos tamb\u00e9m os direitos previdenci\u00e1rios assegurados pelo Instituto de Gest\u00e3o Previdenci\u00e1ria do Estado do Tocantins (Igeprev-TO). O \u00f3rg\u00e3o possui um papel importante na vida dos segurados e dos 19 mil benefici\u00e1rios [aposentados e pensionistas] que s\u00e3o atendidos. presidente do Igeprev, Sharlles Fernando, destaca que o \u00f3rg\u00e3o, que em 2024 completou 35 anos de cria\u00e7\u00e3o, celebra a data refor\u00e7ando as conquistas e importantes a\u00e7\u00f5es realizadas constantemente para a valoriza\u00e7\u00e3o dos servidores segurados e benefici\u00e1rios. &#8220;Estamos em constante di\u00e1logo com os servidores do Estado, desde os que v\u00e3o se aposentar at\u00e9 aqueles que desejam, no futuro, se aposentar. Nosso objetivo \u00e9 sempre dar mais celeridade aos processos, assim como na concess\u00e3o de benef\u00edcios, a exemplo de aposentadorias, abono de perman\u00eancia, Certid\u00e3o por Tempo de Contribui\u00e7\u00e3o (CTC), revis\u00e3o de benef\u00edcio, pens\u00e3o por morte, entre outros&#8221;, pontuou o gestor.<\/p>\n\n\n\n<p><strong>Ponto Facultativo<\/strong><\/p>\n\n\n\n<p>No Decreto n\u00ba 6.858, o governador Wanderlei Barbosa transferiu a comemora\u00e7\u00e3o do Dia do Servidor P\u00fablico de 28 de outubro para 1\u00ba de novembro de 2024, declarando ponto facultativo na nova data. O documento foi publicado no Di\u00e1rio Oficial do Estado (DOE) do \u00faltimo dia 17. A medida busca incentivar a participa\u00e7\u00e3o no processo eleitoral da Capital, com o 2\u00ba turno marcado para o dia 27 de outubro, \u00faltimo domingo do m\u00eas e, tamb\u00e9m, possibilitar que a popula\u00e7\u00e3o do estado preste homenagens p\u00f3stumas no feriado religioso do Dia de Finados, marcado para o dia 2 de novembro.<\/p>\n\n\n\n<p><img src=\"https:\/\/central.to.gov.br\/image\/398260?w=670&amp;h=383\"><\/p>\n\n\n\n<p>Presidente do Igeprev, Sharlles Fernando, celebra os 35 anos do instituto, refor\u00e7ando o compromisso em assegurar direitos e benef\u00edcios aos servidores tocantinenses &#8211; Maria Karolina\/Governo do Tocantins&nbsp;<a href=\"https:\/\/central.to.gov.br\/image\/398260?f=1\" target=\"_blank\" rel=\"noreferrer noopener\"><em>file_download<\/em><\/a><\/p>\n\n\n\n<p><img src=\"https:\/\/central.to.gov.br\/image\/398259?w=670&amp;h=383\"><\/p>\n\n\n\n<p>Iara Vieira, m\u00e9dica no HRA, escolheu servir sua terra natal e refor\u00e7a a import\u00e2ncia de um ambiente de trabalho acolhedor para oferecer um atendimento de qualidade &#8211; Adilvan Nogueira\/Governo do Tocantins&nbsp;<a href=\"https:\/\/central.to.gov.br\/image\/398259?f=1\" target=\"_blank\" rel=\"noreferrer noopener\"><em>file_download<\/em><\/a><\/p>\n\n\n\n<p><img src=\"https:\/\/central.to.gov.br\/image\/398256?w=670&amp;h=383\"><\/p>\n\n\n\n<p>Curso de Forma\u00e7\u00e3o de Oficiais (CFO), com instru\u00e7\u00f5es na pr\u00f3pria Academia de Forma\u00e7\u00e3o de Bombeiros Militares &#8211; CBM\/Governo do Tocantins&nbsp;<a href=\"https:\/\/central.to.gov.br\/image\/398256?f=1\" target=\"_blank\" rel=\"noreferrer noopener\"><em>file_download<\/em><\/a><\/p>\n\n\n\n<p><img src=\"https:\/\/central.to.gov.br\/image\/398255?w=670&amp;h=383\"><\/p>\n\n\n\n<p>Cadete Luan Noleto se prepara para atuar como oficial no Corpo de Bombeiros do Tocantins, destacando a responsabilidade de servir e salvar vidas &#8211; Aldemar Ribeiro\/Governo do Tocantins&nbsp;<a href=\"https:\/\/central.to.gov.br\/image\/398255?f=1\" target=\"_blank\" rel=\"noreferrer noopener\"><em>file_download<\/em><\/a><\/p>\n\n\n\n<p><img src=\"https:\/\/central.to.gov.br\/image\/398253?w=670&amp;h=383\"><\/p>\n\n\n\n<p>Governo do Tocantins anuncia concurso da SSP com 381 vagas, fortalecendo a seguran\u00e7a p\u00fablica com novas oportunidades para agentes, delegados, peritos e outros profissionais &#8211; Esequias Ara\u00fajo\/Governo do Tocantins&nbsp;<a href=\"https:\/\/central.to.gov.br\/image\/398253?f=1\" target=\"_blank\" rel=\"noreferrer noopener\"><em>file_download<\/em><\/a><\/p>\n\n\n\n<p><img src=\"https:\/\/central.to.gov.br\/image\/398254?w=670&amp;h=383\"><\/p>\n\n\n\n<p>Governador Wanderlei Barbosa durante assinatura de homologa\u00e7\u00e3o do concurso da PM &#8211; Antonio Gon\u00e7alves\/Governo do Tocantins&nbsp;<a href=\"https:\/\/central.to.gov.br\/image\/398254?f=1\" target=\"_blank\" rel=\"noreferrer noopener\"><em>file_download<\/em><\/a><\/p>\n\n\n\n<p><img src=\"https:\/\/central.to.gov.br\/image\/398251?w=670&amp;h=383\"><\/p>\n\n\n\n<p>Governador Wanderlei Barbosa durante an\u00fancio de convoca\u00e7\u00e3o de candidatos aprovados no concurso da Seduc de 2023 &#8211; Esequias Ara\u00fajo\/Governo do Tocantins&nbsp;<a href=\"https:\/\/central.to.gov.br\/image\/398251?f=1\" target=\"_blank\" rel=\"noreferrer noopener\"><em>file_download<\/em><\/a><\/p>\n\n\n\n<p><img src=\"https:\/\/central.to.gov.br\/image\/398250?w=670&amp;h=383\"><\/p>\n\n\n\n<p>Governador Wanderlei Barbosa autoriza o pagamento das progress\u00f5es funcionais referentes aos anos de 2022 e 2023 &#8211; Esequias Ara\u00fajo\/Governo doTocantins&nbsp;<a href=\"https:\/\/central.to.gov.br\/image\/398250?f=1\" target=\"_blank\" rel=\"noreferrer noopener\"><em>file_download<\/em><\/a><\/p>\n\n\n\n<p><img src=\"https:\/\/central.to.gov.br\/image\/398249?w=670&amp;h=383\"><\/p>\n\n\n\n<p>Governador Wanderlei Barbosa destaca o compromisso de sua gest\u00e3o em valorizar os servidores p\u00fablicos, assegurando direitos, realizando progress\u00f5es e promovendo novos concursos &#8211; Adilvan Nogueira\/Governo do Tocantins&nbsp;<a href=\"https:\/\/central.to.gov.br\/image\/398249?f=1\" target=\"_blank\" rel=\"noreferrer noopener\"><em>file_download<\/em><\/a><\/p>\n","protected":false},"excerpt":{"rendered":"<p>O Governo do Tocantins celebra nesta segunda-feira, 28, o Dia do Servidor P\u00fablico. A data reconhece e valoriza a importante atua\u00e7\u00e3o desses trabalhadores que s\u00e3o a base do funcionamento do Estado. Desde que assumiu como Chefe do Poder Executivo, o governador Wanderlei Barbosa j\u00e1 assegurou mais de 113 mil progress\u00f5es para os servidores estaduais, que, [&hellip;]<\/p>\n","protected":false},"author":2,"featured_media":20946,"comment_status":"open","ping_status":"open","sticky":false,"template":"","format":"standard","meta":[],"categories":[3],"tags":[13],"_links":{"self":[{"href":"https:\/\/dgospel.com.br\/portal\/index.php\/wp-json\/wp\/v2\/posts\/20945"}],"collection":[{"href":"https:\/\/dgospel.com.br\/portal\/index.php\/wp-json\/wp\/v2\/posts"}],"about":[{"href":"https:\/\/dgospel.com.br\/portal\/index.php\/wp-json\/wp\/v2\/types\/post"}],"author":[{"embeddable":true,"href":"https:\/\/dgospel.com.br\/portal\/index.php\/wp-json\/wp\/v2\/users\/2"}],"replies":[{"embeddable":true,"href":"https:\/\/dgospel.com.br\/portal\/index.php\/wp-json\/wp\/v2\/comments?post=20945"}],"version-history":[{"count":1,"href":"https:\/\/dgospel.com.br\/portal\/index.php\/wp-json\/wp\/v2\/posts\/20945\/revisions"}],"predecessor-version":[{"id":20947,"href":"https:\/\/dgospel.com.br\/portal\/index.php\/wp-json\/wp\/v2\/posts\/20945\/revisions\/20947"}],"wp:featuredmedia":[{"embeddable":true,"href":"https:\/\/dgospel.com.br\/portal\/index.php\/wp-json\/wp\/v2\/media\/20946"}],"wp:attachment":[{"href":"https:\/\/dgospel.com.br\/portal\/index.php\/wp-json\/wp\/v2\/media?parent=20945"}],"wp:term":[{"taxonomy":"category","embeddable":true,"href":"https:\/\/dgospel.com.br\/portal\/index.php\/wp-json\/wp\/v2\/categories?post=20945"},{"taxonomy":"post_tag","embeddable":true,"href":"https:\/\/dgospel.com.br\/portal\/index.php\/wp-json\/wp\/v2\/tags?post=20945"}],"curies":[{"name":"wp","href":"https:\/\/api.w.org\/{rel}","templated":true}]}}