{"id":20948,"date":"2024-10-28T17:09:57","date_gmt":"2024-10-28T20:09:57","guid":{"rendered":"https:\/\/dgospel.com.br\/portal\/?p=20948"},"modified":"2024-10-28T17:09:58","modified_gmt":"2024-10-28T20:09:58","slug":"governo-do-tocantins-regulamenta-programa-para-promover-saude-mental-dos-servidores-publicos","status":"publish","type":"post","link":"https:\/\/dgospel.com.br\/portal\/index.php\/2024\/10\/28\/governo-do-tocantins-regulamenta-programa-para-promover-saude-mental-dos-servidores-publicos\/","title":{"rendered":"Governo do Tocantins regulamenta programa para promover sa\u00fade mental dos servidores p\u00fablicos"},"content":{"rendered":"\n<p>O Governo do Tocantins, por meio da Secretaria de Estado da Administra\u00e7\u00e3o (Secad), regulamentou o&nbsp;<em>Programa de Preven\u00e7\u00e3o e Qualidade da Sa\u00fade Mental no Ambiente de Trabalho<\/em>, o&nbsp;<em>Pr\u00f3-Sa\u00fade no Trabalho,&nbsp;<\/em>com a publica\u00e7\u00e3o do Decreto n\u00ba 6.859, no&nbsp;<a href=\"https:\/\/doe.to.gov.br\/diario\/5287\/download#:~:text=DECRETO%20NO%206.859%2C%20DE%2025,p%C3%BAblicos%20do%20Estado%20do%20Tocantins.\">Di\u00e1rio Oficial do Estado (DOE-TO), n\u00b0 6685<\/a>, em que estabelece diretrizes para a atua\u00e7\u00e3o da Junta M\u00e9dica Oficial do Estado (JMOE) com os objetivos de promover o bem-estar e fortalecer a sa\u00fade mental dos servidores p\u00fablicos estaduais.<\/p>\n\n\n\n<p>O programa ser\u00e1 implementado por equipes multidisciplinares do N\u00facleo Multidisciplinar da Junta M\u00e9dica Oficial, compostas por profissionais especializados, como assistentes sociais, enfermeiros, fisioterapeutas, m\u00e9dicos (cl\u00ednicos, psiquiatras e do trabalho), nutricionistas, psic\u00f3logos, profissionais do direito e engenheiros de seguran\u00e7a do trabalho. Esse n\u00facleo ter\u00e1 como responsabilidade a cria\u00e7\u00e3o e execu\u00e7\u00e3o de projetos direcionados \u00e0 sa\u00fade dos servidores, al\u00e9m de fornecer suporte t\u00e9cnico \u00e0 per\u00edcia m\u00e9dica, realizar visitas aos \u00f3rg\u00e3os p\u00fablicos e aplicar o Plano de Acompanhamento Multidisciplinar do Servidor.<\/p>\n\n\n\n<p>Para o secret\u00e1rio de Estado da Administra\u00e7\u00e3o, Paulo C\u00e9sar Benfica Filho, a regulamenta\u00e7\u00e3o do programa de sa\u00fade mental fortalece ainda mais as a\u00e7\u00f5es que j\u00e1 vinham sendo executadas pela Secad, por meio da Junta M\u00e9dica. &#8220;A implementa\u00e7\u00e3o do programa de sa\u00fade mental para os servidores p\u00fablicos representa um marco para o Tocantins. Cuidar da sa\u00fade mental dos servidores \u00e9, antes de tudo, reconhecer a import\u00e2ncia do bem-estar integral no desempenho de suas fun\u00e7\u00f5es. Este programa \u00e9 um investimento que gera impacto positivo n\u00e3o s\u00f3 para cada servidor, mas para o servi\u00e7o p\u00fablico como um todo.&nbsp; A Secad tem desempenhado um papel fundamental, com os esfor\u00e7os da equipe multidisciplinar da Junta M\u00e9dica, de garantir um ambiente de trabalho mais acolhedor e promover pr\u00e1ticas saud\u00e1veis&#8221;, ressaltou o gestor.<\/p>\n\n\n\n<p>&nbsp;<strong>Pr\u00f3-Sa\u00fade no Trabalho<\/strong><\/p>\n\n\n\n<p>&nbsp;Para fortalecer o cuidado com a sa\u00fade mental no ambiente de trabalho, o programa incluir\u00e1 a\u00e7\u00f5es de preven\u00e7\u00e3o e promo\u00e7\u00e3o de bem-estar, em colabora\u00e7\u00e3o com outros \u00f3rg\u00e3os e entidades p\u00fablicas. Al\u00e9m disso, ser\u00e3o formadas parcerias com institui\u00e7\u00f5es de ensino superior, organiza\u00e7\u00f5es da sociedade civil e entidades governamentais de diferentes n\u00edveis.<\/p>\n\n\n\n<p>&nbsp;A cria\u00e7\u00e3o desse sistema integrado de refer\u00eancia e contrarrefer\u00eancia busca expandir os servi\u00e7os de aten\u00e7\u00e3o psicossocial e consolidar um ambiente de trabalho mais acolhedor e saud\u00e1vel para os servidores p\u00fablicos do Tocantins, beneficiando todas as regi\u00f5es do estado.<\/p>\n\n\n\n<p>De acordo com a diretora da Junta M\u00e9dica Oficial, M\u00e1rcia Var\u00e3o, a Junta tem um papel fundamental na execu\u00e7\u00e3o do Programa&nbsp;<em>Pr\u00f3-Sa\u00fade no Trabalho<\/em>. \u201cN\u00f3s temos uma equipe multidisciplinar altamente capacitada, a Junta se dedica a desenvolver e aplicar pr\u00e1ticas voltadas ao cuidado e ao acompanhamento da sa\u00fade mental dos servidores. Essa atua\u00e7\u00e3o envolve desde avalia\u00e7\u00f5es t\u00e9cnicas e pareceres especializados at\u00e9 visitas aos \u00f3rg\u00e3os p\u00fablicos para compreender melhor as necessidades de cada ambiente de trabalho. Podemos dizer que a Junta M\u00e9dica \u00e9 o cora\u00e7\u00e3o desse programa, garantindo que o bem-estar e a sa\u00fade dos servidores sejam priorizados, e que a\u00e7\u00f5es preventivas e de apoio estejam sempre acess\u00edveis e eficazes&#8221;, frisou.<\/p>\n","protected":false},"excerpt":{"rendered":"<p>O Governo do Tocantins, por meio da Secretaria de Estado da Administra\u00e7\u00e3o (Secad), regulamentou o&nbsp;Programa de Preven\u00e7\u00e3o e Qualidade da Sa\u00fade Mental no Ambiente de Trabalho, o&nbsp;Pr\u00f3-Sa\u00fade no Trabalho,&nbsp;com a publica\u00e7\u00e3o do Decreto n\u00ba 6.859, no&nbsp;Di\u00e1rio Oficial do Estado (DOE-TO), n\u00b0 6685, em que estabelece diretrizes para a atua\u00e7\u00e3o da Junta M\u00e9dica Oficial do Estado [&hellip;]<\/p>\n","protected":false},"author":2,"featured_media":20949,"comment_status":"open","ping_status":"open","sticky":false,"template":"","format":"standard","meta":[],"categories":[3],"tags":[13],"_links":{"self":[{"href":"https:\/\/dgospel.com.br\/portal\/index.php\/wp-json\/wp\/v2\/posts\/20948"}],"collection":[{"href":"https:\/\/dgospel.com.br\/portal\/index.php\/wp-json\/wp\/v2\/posts"}],"about":[{"href":"https:\/\/dgospel.com.br\/portal\/index.php\/wp-json\/wp\/v2\/types\/post"}],"author":[{"embeddable":true,"href":"https:\/\/dgospel.com.br\/portal\/index.php\/wp-json\/wp\/v2\/users\/2"}],"replies":[{"embeddable":true,"href":"https:\/\/dgospel.com.br\/portal\/index.php\/wp-json\/wp\/v2\/comments?post=20948"}],"version-history":[{"count":1,"href":"https:\/\/dgospel.com.br\/portal\/index.php\/wp-json\/wp\/v2\/posts\/20948\/revisions"}],"predecessor-version":[{"id":20950,"href":"https:\/\/dgospel.com.br\/portal\/index.php\/wp-json\/wp\/v2\/posts\/20948\/revisions\/20950"}],"wp:featuredmedia":[{"embeddable":true,"href":"https:\/\/dgospel.com.br\/portal\/index.php\/wp-json\/wp\/v2\/media\/20949"}],"wp:attachment":[{"href":"https:\/\/dgospel.com.br\/portal\/index.php\/wp-json\/wp\/v2\/media?parent=20948"}],"wp:term":[{"taxonomy":"category","embeddable":true,"href":"https:\/\/dgospel.com.br\/portal\/index.php\/wp-json\/wp\/v2\/categories?post=20948"},{"taxonomy":"post_tag","embeddable":true,"href":"https:\/\/dgospel.com.br\/portal\/index.php\/wp-json\/wp\/v2\/tags?post=20948"}],"curies":[{"name":"wp","href":"https:\/\/api.w.org\/{rel}","templated":true}]}}