{"id":20954,"date":"2024-10-28T20:06:31","date_gmt":"2024-10-28T23:06:31","guid":{"rendered":"https:\/\/dgospel.com.br\/portal\/?p=20954"},"modified":"2024-10-28T20:06:33","modified_gmt":"2024-10-28T23:06:33","slug":"apos-fracasso-do-pt-nas-eleicoes-padilha-defende-balanco-interno","status":"publish","type":"post","link":"https:\/\/dgospel.com.br\/portal\/index.php\/2024\/10\/28\/apos-fracasso-do-pt-nas-eleicoes-padilha-defende-balanco-interno\/","title":{"rendered":"Ap\u00f3s fracasso do PT nas elei\u00e7\u00f5es, Padilha defende balan\u00e7o interno"},"content":{"rendered":"\n<p>O ministro das Rela\u00e7\u00f5es Institucionais, o petista Alexandre Padilha, disse, nesta segunda-feira (28), que seu partido precisa fazer uma \u201cprofunda avalia\u00e7\u00e3o\u201d dos resultados das elei\u00e7\u00f5es municipais. Segundo Padilha, o partido est\u00e1 no \u201cZ4\u201d das disputas nas cidades desde 2016. Essa \u00e9 uma met\u00e1fora futebol\u00edstica que se refere \u00e0 zona de rebaixamento do campeonato brasileiro, onde terminam os times com pior desempenho.<\/p>\n\n\n\n<p>\u2013 O PT \u00e9 o campe\u00e3o nacional das elei\u00e7\u00f5es presidenciais, mas na minha avalia\u00e7\u00e3o, n\u00e3o saiu ainda do Z4 que entrou em 2016 nas elei\u00e7\u00f5es municipais. Ent\u00e3o, teve conquistas importantes, a elei\u00e7\u00e3o na capital, elegeu cidades importantes nesse segundo turno, mas ainda tem um esfor\u00e7o de recupera\u00e7\u00e3o. Eu acho que o PT vai fazer uma avalia\u00e7\u00e3o sobre isso, certamente sobre esse resultado, como voltar a ser um partido com mais protagonismo, sobretudo nas grandes cidades, nas m\u00e9dias cidades \u2013 disse Padilha.<\/p>\n\n\n\n<p>Segundo ele, o partido precisa fazer um debate com os trabalhadores que n\u00e3o se sentem representados. \u00c9 uma refer\u00eancia principalmente a grupos que crescem, como os motoristas de aplicativos, que n\u00e3o t\u00eam um v\u00ednculo formal de trabalho nem s\u00e3o sindicalizados.<\/p>\n\n\n\n<p>Padilha falou a jornalistas na porta do Pal\u00e1cio da Alvorada, onde teve reuni\u00e3o com o presidente Luiz In\u00e1cio Lula da Silva. A presidente do PT, Gleisi Hoffmann, tamb\u00e9m esteve com o chefe de governo, mas n\u00e3o deu declara\u00e7\u00f5es p\u00fablicas.<\/p>\n\n\n\n<p>O ministro contou que na conversa foi feito um balan\u00e7o sobre as elei\u00e7\u00f5es municipais. Disse que a grande vitoriosa foi a reelei\u00e7\u00e3o \u2013 o que ele classificou como \u201cum verdadeiro tsunami\u201d. Segundo ele, em an\u00e1lise otimista, os prefeitos se beneficiaram do bom momento econ\u00f4mico do pa\u00eds e dos repasses de verbas do governo federal. Ele garantiu que o Executivo continuar\u00e1 \u201cfortalecendo os munic\u00edpios\u201d, e Lula est\u00e1 aberto a construir rela\u00e7\u00f5es com os novos prefeitos.<\/p>\n\n\n\n<p>O ministro das Rela\u00e7\u00f5es Institucionais disse que ele e Gleisi levaram a Lula a informa\u00e7\u00e3o de que nenhum dos ex-ministros de Jair Bolsonaro, principal advers\u00e1rio do atual presidente, foi eleito neste ano.<\/p>\n\n\n\n<p>Padilha respondeu \u00e0s cr\u00edticas de que Lula n\u00e3o teria participado tanto quanto poderia das campanhas de candidatos aliados. Segundo ele, o petista, enquanto presidente, nunca teve presen\u00e7a muito grande nessas disputas \u2013 diferentemente dos pleitos de 2012 e 2016, quando n\u00e3o tinha cargo eletivo.<\/p>\n\n\n\n<p>O ministro disse ainda que o presidente nunca havia gravado tantos v\u00eddeos em apoio a candidatos, por exemplo. Segundo ele, o acidente dom\u00e9stico que fez Lula cancelar viagens n\u00e3o reduziu a participa\u00e7\u00e3o do chefe do governo no segundo turno.<\/p>\n\n\n\n<p><strong>LULA FALOU COM V\u00c1RIOS CANDIDATOS E DEU PARAB\u00c9NS A BOULOS<br><\/strong>Padilha tamb\u00e9m disse, na mesma ocasi\u00e3o, que o presidente Lula falou com v\u00e1rios candidatos aliados depois das elei\u00e7\u00f5es municipais. Segundo ele, o petista deu os parab\u00e9ns a Guilherme Boulos (PSOL), que foi derrotado por Ricardo Nunes (MDB) na disputa em S\u00e3o Paulo.<\/p>\n\n\n\n<p>\u2013 Ele falou n\u00e3o s\u00f3 com Guilherme Boulos, falou com Evandro Leit\u00e3o, falou com v\u00e1rios dos candidatos ontem e hoje \u2013 disse Padilha na porta do Pal\u00e1cio da Alvorada depois de reuni\u00e3o com Lula.<\/p>\n\n\n\n<p>Questionado sobre o que o chefe do governo teria dito a Boulos, respondeu:<\/p>\n\n\n\n<p>\u2013 S\u00f3 deu os parab\u00e9ns.<\/p>\n\n\n\n<p>Padilha disse tamb\u00e9m que Boulos saiu da elei\u00e7\u00e3o paulistana maior do que entrou.<\/p>\n\n\n\n<p>*Com informa\u00e7\u00f5es AE<\/p>\n","protected":false},"excerpt":{"rendered":"<p>O ministro das Rela\u00e7\u00f5es Institucionais, o petista Alexandre Padilha, disse, nesta segunda-feira (28), que seu partido precisa fazer uma \u201cprofunda avalia\u00e7\u00e3o\u201d dos resultados das elei\u00e7\u00f5es municipais. Segundo Padilha, o partido est\u00e1 no \u201cZ4\u201d das disputas nas cidades desde 2016. Essa \u00e9 uma met\u00e1fora futebol\u00edstica que se refere \u00e0 zona de rebaixamento do campeonato brasileiro, onde [&hellip;]<\/p>\n","protected":false},"author":2,"featured_media":20955,"comment_status":"open","ping_status":"open","sticky":false,"template":"","format":"standard","meta":[],"categories":[4],"tags":[],"_links":{"self":[{"href":"https:\/\/dgospel.com.br\/portal\/index.php\/wp-json\/wp\/v2\/posts\/20954"}],"collection":[{"href":"https:\/\/dgospel.com.br\/portal\/index.php\/wp-json\/wp\/v2\/posts"}],"about":[{"href":"https:\/\/dgospel.com.br\/portal\/index.php\/wp-json\/wp\/v2\/types\/post"}],"author":[{"embeddable":true,"href":"https:\/\/dgospel.com.br\/portal\/index.php\/wp-json\/wp\/v2\/users\/2"}],"replies":[{"embeddable":true,"href":"https:\/\/dgospel.com.br\/portal\/index.php\/wp-json\/wp\/v2\/comments?post=20954"}],"version-history":[{"count":1,"href":"https:\/\/dgospel.com.br\/portal\/index.php\/wp-json\/wp\/v2\/posts\/20954\/revisions"}],"predecessor-version":[{"id":20956,"href":"https:\/\/dgospel.com.br\/portal\/index.php\/wp-json\/wp\/v2\/posts\/20954\/revisions\/20956"}],"wp:featuredmedia":[{"embeddable":true,"href":"https:\/\/dgospel.com.br\/portal\/index.php\/wp-json\/wp\/v2\/media\/20955"}],"wp:attachment":[{"href":"https:\/\/dgospel.com.br\/portal\/index.php\/wp-json\/wp\/v2\/media?parent=20954"}],"wp:term":[{"taxonomy":"category","embeddable":true,"href":"https:\/\/dgospel.com.br\/portal\/index.php\/wp-json\/wp\/v2\/categories?post=20954"},{"taxonomy":"post_tag","embeddable":true,"href":"https:\/\/dgospel.com.br\/portal\/index.php\/wp-json\/wp\/v2\/tags?post=20954"}],"curies":[{"name":"wp","href":"https:\/\/api.w.org\/{rel}","templated":true}]}}