{"id":20957,"date":"2024-10-28T20:08:29","date_gmt":"2024-10-28T23:08:29","guid":{"rendered":"https:\/\/dgospel.com.br\/portal\/?p=20957"},"modified":"2024-10-28T20:08:30","modified_gmt":"2024-10-28T23:08:30","slug":"candidato-do-pt-que-queria-fim-dos-crentes-perde-eleicao","status":"publish","type":"post","link":"https:\/\/dgospel.com.br\/portal\/index.php\/2024\/10\/28\/candidato-do-pt-que-queria-fim-dos-crentes-perde-eleicao\/","title":{"rendered":"Candidato do PT que queria fim dos crentes perde elei\u00e7\u00e3o"},"content":{"rendered":"\n<p>Com um cen\u00e1rio extremamente acirrado nas elei\u00e7\u00f5es do segundo turno, a cidade de Olinda, em Pernambuco, s\u00f3 conheceu seu novo prefeito, de fato, no fim das apura\u00e7\u00f5es neste domingo (27). Ap\u00f3s terminar o primeiro turno na frente e com uma boa vantagem em rela\u00e7\u00e3o \u00e0 segunda colocada, o candidato do PT, Vinicius Castello, sofreu uma virada acachapante em uma das cidades hist\u00f3ricas do Brasil.<\/p>\n\n\n\n<p>No cen\u00e1rio da pol\u00edtica local, h\u00e1 quem diga que a for\u00e7a do voto crist\u00e3o e conservador foi fundamental para a derrota do petista. Deputado estadual de Pernambuco, Renato Antunes (PL) resgatou uma publica\u00e7\u00e3o de Vinicius na qual ele falava que queria o fim da \u201ccrentalhada.\u201d<\/p>\n\n\n\n<figure class=\"wp-block-image\"><img src=\"https:\/\/static.cdn.pleno.news\/2024\/10\/10.24-PLENARIA-JA-033-1024x683.jpg\" alt=\"\" class=\"wp-image-1410315\"\/><figcaption><br>Renato Antunes\u00a0Foto: Jarbas Ara\u00fajo\/Alepe<\/figcaption><\/figure>\n\n\n\n<p>Ap\u00f3s o t\u00e9rmino da apura\u00e7\u00e3o, Renato Antunes utilizou as redes sociais para voltar a criticar o candidato petista e cobrar respeito aos crist\u00e3os da cidade.<\/p>\n\n\n\n<p>\u2013 Disse que iria acabar com a \u201ccrentalhada\u201d, mas viu a for\u00e7a de um povo que tem servi\u00e7os prestados e merece respeito \u2013 comentou Renato Antunes.<\/p>\n\n\n\n<p>Na reta final, o parlamentar fez uma verdadeira convoca\u00e7\u00e3o para que os crist\u00e3os e conservadores de Olinda estivessem apoiando Mirella Almeida; que ao final do pleito saiu vitoriosa.<\/p>\n\n\n\n<p>A derrota do PT em Olinda caiu como uma bomba entre os progressistas de Pernambuco, frustrando tamb\u00e9m o prefeito do Recife, Jo\u00e3o Campos (PSB). O resultado na cidade, uma das mais importantes de Pernambuco, \u00e9 bom sinal para a governadora Raquel Lyra (PSDB), que sai fortalecida do pleito, pavimentando a reelei\u00e7\u00e3o em 2026.<\/p>\n","protected":false},"excerpt":{"rendered":"<p>Com um cen\u00e1rio extremamente acirrado nas elei\u00e7\u00f5es do segundo turno, a cidade de Olinda, em Pernambuco, s\u00f3 conheceu seu novo prefeito, de fato, no fim das apura\u00e7\u00f5es neste domingo (27). Ap\u00f3s terminar o primeiro turno na frente e com uma boa vantagem em rela\u00e7\u00e3o \u00e0 segunda colocada, o candidato do PT, Vinicius Castello, sofreu uma [&hellip;]<\/p>\n","protected":false},"author":2,"featured_media":20958,"comment_status":"open","ping_status":"open","sticky":false,"template":"","format":"standard","meta":[],"categories":[4],"tags":[],"_links":{"self":[{"href":"https:\/\/dgospel.com.br\/portal\/index.php\/wp-json\/wp\/v2\/posts\/20957"}],"collection":[{"href":"https:\/\/dgospel.com.br\/portal\/index.php\/wp-json\/wp\/v2\/posts"}],"about":[{"href":"https:\/\/dgospel.com.br\/portal\/index.php\/wp-json\/wp\/v2\/types\/post"}],"author":[{"embeddable":true,"href":"https:\/\/dgospel.com.br\/portal\/index.php\/wp-json\/wp\/v2\/users\/2"}],"replies":[{"embeddable":true,"href":"https:\/\/dgospel.com.br\/portal\/index.php\/wp-json\/wp\/v2\/comments?post=20957"}],"version-history":[{"count":1,"href":"https:\/\/dgospel.com.br\/portal\/index.php\/wp-json\/wp\/v2\/posts\/20957\/revisions"}],"predecessor-version":[{"id":20959,"href":"https:\/\/dgospel.com.br\/portal\/index.php\/wp-json\/wp\/v2\/posts\/20957\/revisions\/20959"}],"wp:featuredmedia":[{"embeddable":true,"href":"https:\/\/dgospel.com.br\/portal\/index.php\/wp-json\/wp\/v2\/media\/20958"}],"wp:attachment":[{"href":"https:\/\/dgospel.com.br\/portal\/index.php\/wp-json\/wp\/v2\/media?parent=20957"}],"wp:term":[{"taxonomy":"category","embeddable":true,"href":"https:\/\/dgospel.com.br\/portal\/index.php\/wp-json\/wp\/v2\/categories?post=20957"},{"taxonomy":"post_tag","embeddable":true,"href":"https:\/\/dgospel.com.br\/portal\/index.php\/wp-json\/wp\/v2\/tags?post=20957"}],"curies":[{"name":"wp","href":"https:\/\/api.w.org\/{rel}","templated":true}]}}