{"id":20963,"date":"2024-10-29T12:13:38","date_gmt":"2024-10-29T15:13:38","guid":{"rendered":"https:\/\/dgospel.com.br\/portal\/?p=20963"},"modified":"2024-10-29T12:13:39","modified_gmt":"2024-10-29T15:13:39","slug":"gilmar-mendes-anula-condenacoes-de-jose-dirceu-na-lava-jato","status":"publish","type":"post","link":"https:\/\/dgospel.com.br\/portal\/index.php\/2024\/10\/29\/gilmar-mendes-anula-condenacoes-de-jose-dirceu-na-lava-jato\/","title":{"rendered":"Gilmar Mendes anula condena\u00e7\u00f5es de Jos\u00e9 Dirceu na Lava Jato"},"content":{"rendered":"\n<p>O ministro do Supremo Tribunal Federal (STF), Gilmar Mendes, estendeu ao ex-ministro da Casa Civil, Jos\u00e9 Dirceu (PT), os efeitos da decis\u00e3o que declarou o ex-juiz Sergio Moro suspeito para atuar em processos contra o presidente Luiz In\u00e1cio Lula da Silva (PT). A medida permite que Dirceu recupere seus direitos pol\u00edticos e deixa de enquadr\u00e1-lo como \u201cficha-suja\u201d.<\/p>\n\n\n\n<p>Com essa extens\u00e3o, todas as decis\u00f5es de Moro contra Dirceu na Opera\u00e7\u00e3o Lava Jato foram anuladas, incluindo as condena\u00e7\u00f5es que o ex-ministro recebeu por corrup\u00e7\u00e3o passiva, recebimento de vantagem indevida e lavagem de dinheiro. Em 2016, Dirceu havia sido condenado a 23 anos de pris\u00e3o por Moro, seguido de uma segunda senten\u00e7a em 2017, que adicionou mais 11 anos e tr\u00eas meses de pris\u00e3o.<\/p>\n\n\n\n<p>A defesa de Dirceu havia solicitado ao STF que a decis\u00e3o sobre a parcialidade de Moro nos casos de Lula tamb\u00e9m fosse aplicada aos processos da Lava Jato envolvendo o ex-ministro. O processo corre sob sigilo judicial. Em maio deste ano, a Segunda Turma do STF j\u00e1 havia concedido um habeas corpus para extinguir a punibilidade de Dirceu em uma das condena\u00e7\u00f5es, referente \u00e0 pena de 11 anos e tr\u00eas meses.<\/p>\n\n\n\n<p>Outro processo envolvendo o ex-ministro se referia ao suposto recebimento de propinas da empreiteira Engevix, no contexto do esquema de corrup\u00e7\u00e3o da Petrobras. Em 2022, o Superior Tribunal de Justi\u00e7a (STJ) chegou a determinar uma pena de 27 anos de pris\u00e3o para Dirceu, mas sua defesa recorreu da decis\u00e3o, aguardando nova an\u00e1lise.<\/p>\n","protected":false},"excerpt":{"rendered":"<p>O ministro do Supremo Tribunal Federal (STF), Gilmar Mendes, estendeu ao ex-ministro da Casa Civil, Jos\u00e9 Dirceu (PT), os efeitos da decis\u00e3o que declarou o ex-juiz Sergio Moro suspeito para atuar em processos contra o presidente Luiz In\u00e1cio Lula da Silva (PT). A medida permite que Dirceu recupere seus direitos pol\u00edticos e deixa de enquadr\u00e1-lo [&hellip;]<\/p>\n","protected":false},"author":2,"featured_media":20964,"comment_status":"open","ping_status":"open","sticky":false,"template":"","format":"standard","meta":[],"categories":[12,10],"tags":[],"_links":{"self":[{"href":"https:\/\/dgospel.com.br\/portal\/index.php\/wp-json\/wp\/v2\/posts\/20963"}],"collection":[{"href":"https:\/\/dgospel.com.br\/portal\/index.php\/wp-json\/wp\/v2\/posts"}],"about":[{"href":"https:\/\/dgospel.com.br\/portal\/index.php\/wp-json\/wp\/v2\/types\/post"}],"author":[{"embeddable":true,"href":"https:\/\/dgospel.com.br\/portal\/index.php\/wp-json\/wp\/v2\/users\/2"}],"replies":[{"embeddable":true,"href":"https:\/\/dgospel.com.br\/portal\/index.php\/wp-json\/wp\/v2\/comments?post=20963"}],"version-history":[{"count":1,"href":"https:\/\/dgospel.com.br\/portal\/index.php\/wp-json\/wp\/v2\/posts\/20963\/revisions"}],"predecessor-version":[{"id":20965,"href":"https:\/\/dgospel.com.br\/portal\/index.php\/wp-json\/wp\/v2\/posts\/20963\/revisions\/20965"}],"wp:featuredmedia":[{"embeddable":true,"href":"https:\/\/dgospel.com.br\/portal\/index.php\/wp-json\/wp\/v2\/media\/20964"}],"wp:attachment":[{"href":"https:\/\/dgospel.com.br\/portal\/index.php\/wp-json\/wp\/v2\/media?parent=20963"}],"wp:term":[{"taxonomy":"category","embeddable":true,"href":"https:\/\/dgospel.com.br\/portal\/index.php\/wp-json\/wp\/v2\/categories?post=20963"},{"taxonomy":"post_tag","embeddable":true,"href":"https:\/\/dgospel.com.br\/portal\/index.php\/wp-json\/wp\/v2\/tags?post=20963"}],"curies":[{"name":"wp","href":"https:\/\/api.w.org\/{rel}","templated":true}]}}