{"id":2097,"date":"2018-12-19T16:51:37","date_gmt":"2018-12-19T18:51:37","guid":{"rendered":"http:\/\/dgospel.com.br\/portal\/?p=2097"},"modified":"2018-12-19T16:51:37","modified_gmt":"2018-12-19T18:51:37","slug":"associacao-alianca-para-um-futuro-melhor-promove-natal-solidario-em-miracema-do-tocantins","status":"publish","type":"post","link":"https:\/\/dgospel.com.br\/portal\/index.php\/2018\/12\/19\/associacao-alianca-para-um-futuro-melhor-promove-natal-solidario-em-miracema-do-tocantins\/","title":{"rendered":"Associa\u00e7\u00e3o Alian\u00e7a para um futuro melhor promove Natal Solid\u00e1rio em Miracema do Tocantins"},"content":{"rendered":"<p>A Associa\u00e7\u00e3o Alian\u00e7a para um futuro melhor \u2013 ALIAR \u2013 realizou no \u00faltimo s\u00e1bado, dia 15 de dezembro, em Miracema do Tocantins. O evento beneficente denominado \u201cNatal Solid\u00e1rio\u201d, que contou com a a\u00e7\u00e3o volunt\u00e1ria de diversas pessoas. Foram doados no local do evento roupas, cal\u00e7ados e brinquedos para as crian\u00e7as; oferecidos servi\u00e7os de assist\u00eancia judici\u00e1ria, atendimento m\u00e9dico e cortes de cabelo de forma gratuita; lanches e almo\u00e7o foram servidos, al\u00e9m de realizadas divertidas apresenta\u00e7\u00f5es para as cerca de 400 pessoas presentes.<\/p>\n<p>O evento contou integralmente com a colabora\u00e7\u00e3o de volunt\u00e1rios, que ajudaram tanto com a doa\u00e7\u00e3o dos materiais distribu\u00eddos, quanto com a m\u00e3o de obra da presta\u00e7\u00e3o dos servi\u00e7os oferecidos. Para Thaller Rog\u00e9rio, integrante da diretoria da Associa\u00e7\u00e3o \u201c[&#8230;] os esfor\u00e7os aplicados (na realiza\u00e7\u00e3o do evento) foram mais uma demonstra\u00e7\u00e3o do carinho, do amor e da solidariedade que fazem parte do legado da associa\u00e7\u00e3o&#8230;\u201d.<\/p>\n<p>&nbsp;<\/p>\n<p>&nbsp;<\/p>\n<p>Um dos integrantes do Conselho Municipal, Bernardo Klepa, afirmou que \u201c[&#8230;] a import\u00e2ncia pol\u00edtica (do evento) \u00e9 o reconhecimento do que a gente pensa que \u00e9 distante e est\u00e1 do nosso lado (referindo-se a desigualdade social) &#8230;\u201d e destacou que eventos como este, de iniciativa solid\u00e1ria, servem para aproximar as pessoas da realidade econ\u00f4mica do munic\u00edpio, que ainda apresenta alto \u00edndice de pobreza. O evento foi realizado entre as 08h e 12h da manh\u00e3, no bairro aeroporto, em frente \u00e0 Igreja Assembleia de Deus Filomena, e segundo acredita Ta\u00eds Pereira, moradora do bairro, \u201c[&#8230;] este projeto que a aliar tem \u00e9 muito importante para a melhoria do setor, e serve de incentivo para as crian\u00e7as carentes\u201d.<\/p>\n<p>A ALIAR \u00e9 uma associa\u00e7\u00e3o voltada para o voluntariado e realiza projetos beneficentes em prol da comunidade carente do munic\u00edpio de Miracema do Tocantins. No ano passado (2017) inaugurou a primeira Horta Hidrop\u00f4nica em parceria com a Investco e o Instituto EDP, produzindo grande variedade de hortali\u00e7as, que s\u00e3o doadas para pessoas em risco social para que possam vender e constituir alguma renda. Al\u00e9m de produzir diversas a\u00e7\u00f5es solid\u00e1rias, entre elas, destaca-se o \u201cProjeto Compaix\u00e3o\u201d, que a partir de doa\u00e7\u00f5es da comunidade, ajuda fam\u00edlias carentes e j\u00e1 entregou casa pr\u00f3pria para uma fam\u00edlia em situa\u00e7\u00e3o de risco social.<\/p>\n<p>&nbsp;<\/p>\n<p>Por\u00a0Leonardo Pontes, jornalista<\/p>\n","protected":false},"excerpt":{"rendered":"<p>A Associa\u00e7\u00e3o Alian\u00e7a para um futuro melhor \u2013 ALIAR \u2013 realizou no \u00faltimo s\u00e1bado, dia 15 de dezembro, em Miracema do Tocantins. O evento beneficente denominado \u201cNatal Solid\u00e1rio\u201d, que contou com a a\u00e7\u00e3o volunt\u00e1ria de diversas pessoas. Foram doados no local do evento roupas, cal\u00e7ados e brinquedos para as crian\u00e7as; oferecidos servi\u00e7os de assist\u00eancia judici\u00e1ria, [&hellip;]<\/p>\n","protected":false},"author":2,"featured_media":2098,"comment_status":"open","ping_status":"open","sticky":false,"template":"","format":"standard","meta":[],"categories":[2,5],"tags":[],"_links":{"self":[{"href":"https:\/\/dgospel.com.br\/portal\/index.php\/wp-json\/wp\/v2\/posts\/2097"}],"collection":[{"href":"https:\/\/dgospel.com.br\/portal\/index.php\/wp-json\/wp\/v2\/posts"}],"about":[{"href":"https:\/\/dgospel.com.br\/portal\/index.php\/wp-json\/wp\/v2\/types\/post"}],"author":[{"embeddable":true,"href":"https:\/\/dgospel.com.br\/portal\/index.php\/wp-json\/wp\/v2\/users\/2"}],"replies":[{"embeddable":true,"href":"https:\/\/dgospel.com.br\/portal\/index.php\/wp-json\/wp\/v2\/comments?post=2097"}],"version-history":[{"count":1,"href":"https:\/\/dgospel.com.br\/portal\/index.php\/wp-json\/wp\/v2\/posts\/2097\/revisions"}],"predecessor-version":[{"id":2099,"href":"https:\/\/dgospel.com.br\/portal\/index.php\/wp-json\/wp\/v2\/posts\/2097\/revisions\/2099"}],"wp:featuredmedia":[{"embeddable":true,"href":"https:\/\/dgospel.com.br\/portal\/index.php\/wp-json\/wp\/v2\/media\/2098"}],"wp:attachment":[{"href":"https:\/\/dgospel.com.br\/portal\/index.php\/wp-json\/wp\/v2\/media?parent=2097"}],"wp:term":[{"taxonomy":"category","embeddable":true,"href":"https:\/\/dgospel.com.br\/portal\/index.php\/wp-json\/wp\/v2\/categories?post=2097"},{"taxonomy":"post_tag","embeddable":true,"href":"https:\/\/dgospel.com.br\/portal\/index.php\/wp-json\/wp\/v2\/tags?post=2097"}],"curies":[{"name":"wp","href":"https:\/\/api.w.org\/{rel}","templated":true}]}}