{"id":20981,"date":"2024-10-30T13:12:44","date_gmt":"2024-10-30T16:12:44","guid":{"rendered":"https:\/\/dgospel.com.br\/portal\/?p=20981"},"modified":"2024-10-30T13:12:55","modified_gmt":"2024-10-30T16:12:55","slug":"sob-javier-milei-argentina-celebra-pela-primeira-vez-o-dia-das-igrejas-evangelicas","status":"publish","type":"post","link":"https:\/\/dgospel.com.br\/portal\/index.php\/2024\/10\/30\/sob-javier-milei-argentina-celebra-pela-primeira-vez-o-dia-das-igrejas-evangelicas\/","title":{"rendered":"Sob Javier Milei, Argentina celebra pela primeira vez o Dia das Igrejas Evang\u00e9licas"},"content":{"rendered":"\n<p>A presen\u00e7a dos evang\u00e9licos \u00e9 algo marcante em todo o mundo, o que n\u00e3o \u00e9 diferente da Argentina, pa\u00eds onde 15% da popula\u00e7\u00e3o se declara protestante. Diante disso, e sob o governo do atual presidente conservador Javier Milei, foi comemorado o&nbsp;<a href=\"https:\/\/noticias.gospelmais.com.br\/resposta-oracao-minha-mae-luciano-camargo-esposa-evangelica-171861.html\">Dia das Igrejas Evang\u00e9licas.<\/a><\/p>\n\n\n\n<p>A celebra\u00e7\u00e3o \u00e9 o resultado da aprova\u00e7\u00e3o da Lei 27.741, em abril desse ano. Ela determina que ser\u00e1 comemorado o Dia das Igrejas Evang\u00e9licas a cada 31 de outubro, mesmo dia que se comemora, tamb\u00e9m, a Reforma Protestante.<\/p>\n\n\n\n<p>\u201cCelebramos os 5 solas do monge Martinho Lutero\u201d, disse o presidente da Alian\u00e7a Crist\u00e3 das Igrejas Evang\u00e9licas da Rep\u00fablica Argentina (ACIERA), pastor Christian Hooft, durante a solenidade de celebra\u00e7\u00e3o pela data estabelecida.<\/p>\n\n\n\n<p>Participaram do evento autoridades nacionais como o vice-presidente do governo Milei, Victoria Villarruel, a ministra das Rela\u00e7\u00f5es Exteriores, Com\u00e9rcio Internacional e Culto, Diana Mondino, e entidades religiosas como a&nbsp;Confer\u00eancia Episcopal Argentina (CEA), o Centro Isl\u00e2mico e o Congresso Judaico Latino-Americano.<\/p>\n\n\n\n<h2>Um marco<\/h2>\n\n\n\n<p>Para o pastor Christian Hooft, a data comemorativa representa um marco que vai na contram\u00e3o da cultura atual. \u201cEstamos vivendo tempos complexos. Muitos anos de crise ap\u00f3s crise\u201d, disse ele, citando a \u201cdegrada\u00e7\u00e3o cultural e moral\u201d como exemplos.<\/p>\n\n\n\n<p>\u201cSair desse estado requer muito esfor\u00e7o e o compromisso de todos e, claro, a ajuda de Deus Todo-Poderoso. N\u00e3o podemos sair, sem falta de perd\u00e3o, sem justi\u00e7a e sem respeito pelas liberdades individuais\u201d, destacou o pastor.<\/p>\n\n\n\n<p>O l\u00edder religioso lembrou tamb\u00e9m que \u201cum povo dividido n\u00e3o prevalecer\u00e1\u201d, sendo necess\u00e1rio haver o respeito \u00e0queles \u201cque pensam de maneira diferente\u201d para que o pa\u00eds continue prosperando.<\/p>\n\n\n\n<p>Hooft, por fim, finalizou dizendo que as igrejas evang\u00e9licas possuem um papel importante na reconstru\u00e7\u00e3o da Argentina, que nos \u00faltimos anos enfrentou uma crise econ\u00f4mica sem precedente.<\/p>\n\n\n\n<p>\u201cA pobreza \u00e9 uma calamidade. As igrejas evang\u00e9licas est\u00e3o com os necessitados como o Senhor nos ensinou, mas n\u00e3o louvamos a pobreza. N\u00e3o h\u00e1 virtude nele por si s\u00f3\u201d, concluiu,&nbsp;<a href=\"https:\/\/evangelicalfocus.com\/world\/28827\/argentina-celebrates-for-the-first-time-the-day-of-evangelical-and-protestant-churches\">segundo<\/a>&nbsp;o Evangelical Focus.<\/p>\n","protected":false},"excerpt":{"rendered":"<p>A presen\u00e7a dos evang\u00e9licos \u00e9 algo marcante em todo o mundo, o que n\u00e3o \u00e9 diferente da Argentina, pa\u00eds onde 15% da popula\u00e7\u00e3o se declara protestante. Diante disso, e sob o governo do atual presidente conservador Javier Milei, foi comemorado o&nbsp;Dia das Igrejas Evang\u00e9licas. A celebra\u00e7\u00e3o \u00e9 o resultado da aprova\u00e7\u00e3o da Lei 27.741, em [&hellip;]<\/p>\n","protected":false},"author":2,"featured_media":20982,"comment_status":"open","ping_status":"open","sticky":false,"template":"","format":"standard","meta":[],"categories":[12,5],"tags":[],"_links":{"self":[{"href":"https:\/\/dgospel.com.br\/portal\/index.php\/wp-json\/wp\/v2\/posts\/20981"}],"collection":[{"href":"https:\/\/dgospel.com.br\/portal\/index.php\/wp-json\/wp\/v2\/posts"}],"about":[{"href":"https:\/\/dgospel.com.br\/portal\/index.php\/wp-json\/wp\/v2\/types\/post"}],"author":[{"embeddable":true,"href":"https:\/\/dgospel.com.br\/portal\/index.php\/wp-json\/wp\/v2\/users\/2"}],"replies":[{"embeddable":true,"href":"https:\/\/dgospel.com.br\/portal\/index.php\/wp-json\/wp\/v2\/comments?post=20981"}],"version-history":[{"count":1,"href":"https:\/\/dgospel.com.br\/portal\/index.php\/wp-json\/wp\/v2\/posts\/20981\/revisions"}],"predecessor-version":[{"id":20983,"href":"https:\/\/dgospel.com.br\/portal\/index.php\/wp-json\/wp\/v2\/posts\/20981\/revisions\/20983"}],"wp:featuredmedia":[{"embeddable":true,"href":"https:\/\/dgospel.com.br\/portal\/index.php\/wp-json\/wp\/v2\/media\/20982"}],"wp:attachment":[{"href":"https:\/\/dgospel.com.br\/portal\/index.php\/wp-json\/wp\/v2\/media?parent=20981"}],"wp:term":[{"taxonomy":"category","embeddable":true,"href":"https:\/\/dgospel.com.br\/portal\/index.php\/wp-json\/wp\/v2\/categories?post=20981"},{"taxonomy":"post_tag","embeddable":true,"href":"https:\/\/dgospel.com.br\/portal\/index.php\/wp-json\/wp\/v2\/tags?post=20981"}],"curies":[{"name":"wp","href":"https:\/\/api.w.org\/{rel}","templated":true}]}}