{"id":20984,"date":"2024-10-31T15:27:31","date_gmt":"2024-10-31T18:27:31","guid":{"rendered":"https:\/\/dgospel.com.br\/portal\/?p=20984"},"modified":"2024-10-31T15:27:32","modified_gmt":"2024-10-31T18:27:32","slug":"degradacao-na-amazonia-atinge-maior-nivel-em-15-anos-com-avanco-de-queimadas-e-desmatamento","status":"publish","type":"post","link":"https:\/\/dgospel.com.br\/portal\/index.php\/2024\/10\/31\/degradacao-na-amazonia-atinge-maior-nivel-em-15-anos-com-avanco-de-queimadas-e-desmatamento\/","title":{"rendered":"Degrada\u00e7\u00e3o na Amaz\u00f4nia atinge maior n\u00edvel em 15 anos com avan\u00e7o de queimadas e desmatamento"},"content":{"rendered":"\n<p>A degrada\u00e7\u00e3o florestal na Amaz\u00f4nia Legal alcan\u00e7ou 20.238 km\u00b2 em setembro de 2024, uma \u00e1rea equivalente a 13 vezes o tamanho da cidade de S\u00e3o Paulo. Os dados, divulgados pelo Instituto de Pesquisa Ambiental da Amaz\u00f4nia (Imazon), apontam um aumento de 1.402% em rela\u00e7\u00e3o ao mesmo per\u00edodo de 2023, quando foram registrados 1.347 km\u00b2 degradados, sendo este o maior \u00edndice mensal em 15 anos.<\/p>\n\n\n\n<p>Segundo o Imazon, a degrada\u00e7\u00e3o florestal ocorre devido a inc\u00eandios e \u00e0 extra\u00e7\u00e3o madeireira, que, embora n\u00e3o removam a vegeta\u00e7\u00e3o por completo, resultam em danos severos \u00e0 flora e fauna. \u201cSetembro \u00e9 um m\u00eas historicamente marcado pelo aumento dessas pr\u00e1ticas devido ao clima seco, mas os n\u00fameros de 2024 superam significativamente os de anos anteriores\u201d, destacou Larissa Amorim, pesquisadora do Imazon.<\/p>\n\n\n\n<p>O Par\u00e1 foi o estado mais afetado, concentrando 57% da degrada\u00e7\u00e3o em setembro, totalizando 11.558 km\u00b2, um salto em compara\u00e7\u00e3o aos 196 km\u00b2 no mesmo m\u00eas de 2023. Entre os munic\u00edpios mais impactados est\u00e3o S\u00e3o F\u00e9lix do Xingu (3.966 km\u00b2), Ouril\u00e2ndia do Norte (1.547 km\u00b2) e Novo Progresso (1.301 km\u00b2), al\u00e9m de sete das dez unidades de conserva\u00e7\u00e3o mais degradadas, como a APA Triunfo do Xingu e a Flona do Jamanxim. A terra ind\u00edgena Kayap\u00f3 segue entre as mais atingidas, com 3.438 km\u00b2 de floresta impactados, o que representa 17% da degrada\u00e7\u00e3o registrada.<\/p>\n\n\n\n<p>O desmatamento, que envolve a remo\u00e7\u00e3o completa da vegeta\u00e7\u00e3o, tamb\u00e9m registrou alta. Em setembro, 547 km\u00b2 foram desmatados, o equivalente a 1.823 campos de futebol por dia. O acumulado de janeiro a setembro somou 3.071 km\u00b2 de \u00e1rea desmatada, o oitavo maior da s\u00e9rie hist\u00f3rica.<\/p>\n\n\n\n<p>Os pesquisadores do Imazon alertam que as queimadas t\u00eam impacto direto sobre a biodiversidade e os modos de vida das popula\u00e7\u00f5es tradicionais, ressaltando a necessidade urgente de fiscaliza\u00e7\u00e3o e pol\u00edticas de conserva\u00e7\u00e3o. \u201cPara enfrentar as mudan\u00e7as clim\u00e1ticas e proteger a floresta, \u00e9 essencial fortalecer os \u00f3rg\u00e3os ambientais e promover alternativas para mitigar os impactos das queimadas,\u201d avaliou Carlos Souza Jr., coordenador do programa de monitoramento do Imazon.<\/p>\n","protected":false},"excerpt":{"rendered":"<p>A degrada\u00e7\u00e3o florestal na Amaz\u00f4nia Legal alcan\u00e7ou 20.238 km\u00b2 em setembro de 2024, uma \u00e1rea equivalente a 13 vezes o tamanho da cidade de S\u00e3o Paulo. Os dados, divulgados pelo Instituto de Pesquisa Ambiental da Amaz\u00f4nia (Imazon), apontam um aumento de 1.402% em rela\u00e7\u00e3o ao mesmo per\u00edodo de 2023, quando foram registrados 1.347 km\u00b2 degradados, [&hellip;]<\/p>\n","protected":false},"author":2,"featured_media":20985,"comment_status":"open","ping_status":"open","sticky":false,"template":"","format":"standard","meta":[],"categories":[12,10],"tags":[],"_links":{"self":[{"href":"https:\/\/dgospel.com.br\/portal\/index.php\/wp-json\/wp\/v2\/posts\/20984"}],"collection":[{"href":"https:\/\/dgospel.com.br\/portal\/index.php\/wp-json\/wp\/v2\/posts"}],"about":[{"href":"https:\/\/dgospel.com.br\/portal\/index.php\/wp-json\/wp\/v2\/types\/post"}],"author":[{"embeddable":true,"href":"https:\/\/dgospel.com.br\/portal\/index.php\/wp-json\/wp\/v2\/users\/2"}],"replies":[{"embeddable":true,"href":"https:\/\/dgospel.com.br\/portal\/index.php\/wp-json\/wp\/v2\/comments?post=20984"}],"version-history":[{"count":1,"href":"https:\/\/dgospel.com.br\/portal\/index.php\/wp-json\/wp\/v2\/posts\/20984\/revisions"}],"predecessor-version":[{"id":20986,"href":"https:\/\/dgospel.com.br\/portal\/index.php\/wp-json\/wp\/v2\/posts\/20984\/revisions\/20986"}],"wp:featuredmedia":[{"embeddable":true,"href":"https:\/\/dgospel.com.br\/portal\/index.php\/wp-json\/wp\/v2\/media\/20985"}],"wp:attachment":[{"href":"https:\/\/dgospel.com.br\/portal\/index.php\/wp-json\/wp\/v2\/media?parent=20984"}],"wp:term":[{"taxonomy":"category","embeddable":true,"href":"https:\/\/dgospel.com.br\/portal\/index.php\/wp-json\/wp\/v2\/categories?post=20984"},{"taxonomy":"post_tag","embeddable":true,"href":"https:\/\/dgospel.com.br\/portal\/index.php\/wp-json\/wp\/v2\/tags?post=20984"}],"curies":[{"name":"wp","href":"https:\/\/api.w.org\/{rel}","templated":true}]}}