{"id":20987,"date":"2024-11-01T11:40:40","date_gmt":"2024-11-01T14:40:40","guid":{"rendered":"https:\/\/dgospel.com.br\/portal\/?p=20987"},"modified":"2024-11-01T11:40:42","modified_gmt":"2024-11-01T14:40:42","slug":"governo-do-tocantins-recebe-embaixador-da-belgica-em-visita-diplomatica-para-fortalecer-lacos-com-o-estado","status":"publish","type":"post","link":"https:\/\/dgospel.com.br\/portal\/index.php\/2024\/11\/01\/governo-do-tocantins-recebe-embaixador-da-belgica-em-visita-diplomatica-para-fortalecer-lacos-com-o-estado\/","title":{"rendered":"Governo do Tocantins recebe embaixador da B\u00e9lgica em visita diplom\u00e1tica para fortalecer la\u00e7os com o Estado"},"content":{"rendered":"\n<p>Em visita diplom\u00e1tica ao Tocantins, o embaixador da B\u00e9lgica no Brasil, Peter Claes, foi recebido no Pal\u00e1cio Araguaia Jos\u00e9 Wilson Siqueira Campos, nesta quinta-feira, 31, pelo secret\u00e1rio-chefe da Casa Civil, Deocleciano Gomes, representando o governador Wanderlei Barbosa. A&nbsp; reuni\u00e3o teve como objetivo principal estreitar os la\u00e7os entre o Tocantins e a B\u00e9lgica, com foco em uma poss\u00edvel coopera\u00e7\u00e3o econ\u00f4mica, investimentos estrat\u00e9gicos e interc\u00e2mbio cultural.<\/p>\n\n\n\n<p><br>Na recep\u00e7\u00e3o ao embaixador, Deocleciano Gomes expressou o agradecimento da gest\u00e3o estadual por sua visita e ressaltou o interesse do Estado em fortalecer parcerias futuras. \u201cCom grande satisfa\u00e7\u00e3o, recebemos o embaixador da B\u00e9lgica, em nome do governador Wanderlei Barbosa. Ele veio conhecer as potencialidades e \u00e1reas de crescimento do Tocantins, buscando futuras parcerias. O Estado surpreende pelo seu desenvolvimento, liderando \u00edndices nacionais de gera\u00e7\u00e3o de emprego e oportunidades econ\u00f4micas. Com localiza\u00e7\u00e3o estrat\u00e9gica, faz divisa com seis estados, possui a Ferrovia Norte-Sul e a rodovia federal que o atravessa, al\u00e9m de grande potencial em hidrovias. Esse cen\u00e1rio atrai investimentos nacionais e estrangeiros\u201d, destacou o secret\u00e1rio-chefe da Casa Civil.<br><br>O embaixador da B\u00e9lgica, Peter Claes, parabenizou o governador pelo excelente trabalho realizado em diversas \u00e1reas no Estado, e ressaltou que o Tocantins tem grande potencial de investimento. \u201c\u00c9 uma alegria visitar o Tocantins e conhecer Palmas. Parabenizo o governador Wanderlei Barbosa pelo trabalho realizado, juntamente com sua excelente equipe de secretariado. Eu vejo grande potencial para coopera\u00e7\u00e3o entre a B\u00e9lgica e o Estado, por isso viemos pessoalmente convid\u00e1-lo para estar presente na Miss\u00e3o Econ\u00f4mica &nbsp;que iremos realizar no final de novembro. Acreditamos que seria muito positivo para o Tocantins e para a B\u00e9lgica estreitar essas rela\u00e7\u00f5es econ\u00f4micas\u201d, refor\u00e7ou.<br><br>O convite ao Governo do Tocantins refere-se \u00e0 Miss\u00e3o Econ\u00f4mica Belga, presidida pela princesa Astrid da B\u00e9lgica, entre os dias 22 de novembro e 1\u00ba de dezembro de 2024, em S\u00e3o Paulo e no Rio de Janeiro. O evento receber\u00e1 empres\u00e1rios de v\u00e1rios ramos e reitores de diversas universidades Belgas, propiciando novas oportunidades para as unidades federativas do Brasil, especialmente nos setores de agricultura, energias renov\u00e1veis, meio ambiente, log\u00edstica, educa\u00e7\u00e3o e interc\u00e2mbio cultural.<br><br><strong>Potencial do Tocantins<\/strong><br><br>Durante a visita, os secret\u00e1rios das pastas do Governo do Tocantins&nbsp; apresentaram potencialidades para promover oportunidades de coopera\u00e7\u00e3o. O titular da Agricultura e Pecu\u00e1ria, Jaime Caf\u00e9, ressaltou a aptid\u00e3o agr\u00edcola do Estado, apresentando o Tocantins como um dos mais promissores do pa\u00eds para parcerias internacionais nesse setor.<br><br>O secret\u00e1rio do Meio Ambiente e Recursos H\u00eddricos do Tocantins, Marcello Lelis, destacou os avan\u00e7os do Tocantins em quest\u00f5es ambientais, como a preserva\u00e7\u00e3o dos recursos h\u00eddricos, o compromisso com o Pacto pelo Desmatamento Ilegal Zero, o programa de combate e controle de inc\u00eandios, al\u00e9m da participa\u00e7\u00e3o no projeto REDD+, sendo o Tocantins o primeiro estado a apresentar o projeto para o bioma Cerrado, ganhando destaque Nacional.<br><br>J\u00e1 o secret\u00e1rio do Planejamento e Or\u00e7amento, Sergislei Moura, enfatizou a estrutura log\u00edstica do Tocantins como uma das mais importantes do Brasil, compar\u00e1vel ao modelo da B\u00e9lgica. \u201cCom um PIB [Produto Interno Bruto] predominante na \u00e1rea de servi\u00e7os, o Tocantins tem focado em melhorar seu sistema de transporte rodovi\u00e1rio para atrair investimentos e gerar emprego e renda. E pontuou que o governo pretende continuar investindo para consolidar o Estado como um centro log\u00edstico estrat\u00e9gico do pa\u00eds\u201d, revelou.<\/p>\n\n\n\n<p>O secret\u00e1rio de Turismo, Hercy Filho, e o titular da Cultura, Ti\u00e3o Pinheir\u00e3o, tamb\u00e9m apresentaram os principais atrativos tur\u00edsticos e culturais do Tocantins, apontando as oportunidades de interc\u00e2mbio e valoriza\u00e7\u00e3o das tradi\u00e7\u00f5es locais, de forma a atrair visitantes e consolidar a identidade cultural do estado. Por fim, o secret\u00e1rio interino da Ind\u00fastria, Com\u00e9rcio e Servi\u00e7os, Carlos Ant\u00f4nio de Souza, abordou sobre a capacidade do Tocantins em receber empreendimentos estrangeiros em seu territ\u00f3rio.\u00a0 \u00a0<\/p>\n\n\n\n<p><img src=\"https:\/\/central.to.gov.br\/image\/399061?w=670&amp;h=383\"><\/p>\n\n\n\n<p>Representando o governador Wanderlei Barbosa, o secret\u00e1rio-chefe da Casa Civil, Deocleciano Gomes, recebeu o embaixador da B\u00e9lgica no Pal\u00e1cio Araguaia &#8211; Ademir dos Anjos\/Governo do Tocantins&nbsp;<a href=\"https:\/\/central.to.gov.br\/image\/399061?f=1\" target=\"_blank\" rel=\"noreferrer noopener\"><em>file_download<\/em><\/a><\/p>\n\n\n\n<p><img src=\"https:\/\/central.to.gov.br\/image\/399060?w=670&amp;h=383\"><\/p>\n\n\n\n<p>Embaixador da B\u00e9lgica visita o Tocantins para explorar oportunidades de investimento e interc\u00e2mbio &#8211; Ademir dos Anjos\/Governo do Tocantins&nbsp;<a href=\"https:\/\/central.to.gov.br\/image\/399060?f=1\" target=\"_blank\" rel=\"noreferrer noopener\"><em>file_download<\/em><\/a><\/p>\n\n\n\n<p><img src=\"https:\/\/central.to.gov.br\/image\/399062?w=670&amp;h=383\"><\/p>\n\n\n\n<p>Durante a visita, os secret\u00e1rios de Estado fizeram apresenta\u00e7\u00f5es para promover oportunidades de coopera\u00e7\u00e3o &#8211; Ademir dos Anjos\/Governo do Tocantins&nbsp;<a href=\"https:\/\/central.to.gov.br\/image\/399062?f=1\" target=\"_blank\" rel=\"noreferrer noopener\"><em>file_download<\/em><\/a><a href=\"javascript:\"><em>keyboard_arrow_up<\/em><\/a><\/p>\n","protected":false},"excerpt":{"rendered":"<p>Em visita diplom\u00e1tica ao Tocantins, o embaixador da B\u00e9lgica no Brasil, Peter Claes, foi recebido no Pal\u00e1cio Araguaia Jos\u00e9 Wilson Siqueira Campos, nesta quinta-feira, 31, pelo secret\u00e1rio-chefe da Casa Civil, Deocleciano Gomes, representando o governador Wanderlei Barbosa. A&nbsp; reuni\u00e3o teve como objetivo principal estreitar os la\u00e7os entre o Tocantins e a B\u00e9lgica, com foco em [&hellip;]<\/p>\n","protected":false},"author":2,"featured_media":20988,"comment_status":"open","ping_status":"open","sticky":false,"template":"","format":"standard","meta":[],"categories":[3],"tags":[13],"_links":{"self":[{"href":"https:\/\/dgospel.com.br\/portal\/index.php\/wp-json\/wp\/v2\/posts\/20987"}],"collection":[{"href":"https:\/\/dgospel.com.br\/portal\/index.php\/wp-json\/wp\/v2\/posts"}],"about":[{"href":"https:\/\/dgospel.com.br\/portal\/index.php\/wp-json\/wp\/v2\/types\/post"}],"author":[{"embeddable":true,"href":"https:\/\/dgospel.com.br\/portal\/index.php\/wp-json\/wp\/v2\/users\/2"}],"replies":[{"embeddable":true,"href":"https:\/\/dgospel.com.br\/portal\/index.php\/wp-json\/wp\/v2\/comments?post=20987"}],"version-history":[{"count":1,"href":"https:\/\/dgospel.com.br\/portal\/index.php\/wp-json\/wp\/v2\/posts\/20987\/revisions"}],"predecessor-version":[{"id":20989,"href":"https:\/\/dgospel.com.br\/portal\/index.php\/wp-json\/wp\/v2\/posts\/20987\/revisions\/20989"}],"wp:featuredmedia":[{"embeddable":true,"href":"https:\/\/dgospel.com.br\/portal\/index.php\/wp-json\/wp\/v2\/media\/20988"}],"wp:attachment":[{"href":"https:\/\/dgospel.com.br\/portal\/index.php\/wp-json\/wp\/v2\/media?parent=20987"}],"wp:term":[{"taxonomy":"category","embeddable":true,"href":"https:\/\/dgospel.com.br\/portal\/index.php\/wp-json\/wp\/v2\/categories?post=20987"},{"taxonomy":"post_tag","embeddable":true,"href":"https:\/\/dgospel.com.br\/portal\/index.php\/wp-json\/wp\/v2\/tags?post=20987"}],"curies":[{"name":"wp","href":"https:\/\/api.w.org\/{rel}","templated":true}]}}