{"id":20990,"date":"2024-11-01T11:42:45","date_gmt":"2024-11-01T14:42:45","guid":{"rendered":"https:\/\/dgospel.com.br\/portal\/?p=20990"},"modified":"2024-11-01T11:42:46","modified_gmt":"2024-11-01T14:42:46","slug":"em-brasilia-governador-wanderlei-barbosa-participa-de-reuniao-para-discutir-pec-da-seguranca-publica","status":"publish","type":"post","link":"https:\/\/dgospel.com.br\/portal\/index.php\/2024\/11\/01\/em-brasilia-governador-wanderlei-barbosa-participa-de-reuniao-para-discutir-pec-da-seguranca-publica\/","title":{"rendered":"Em Bras\u00edlia, governador Wanderlei Barbosa participa de reuni\u00e3o para discutir PEC da Seguran\u00e7a Publica"},"content":{"rendered":"\n<p>O governador do Tocantins, Wanderlei Barbosa, participou nesta quinta-feira, 31, de uma reuni\u00e3o no Pal\u00e1cio do Planalto, com governadores, secret\u00e1rios de seguran\u00e7a e autoridades do Congresso e do Judici\u00e1rio, liderada pelo presidente Luiz In\u00e1cio Lula da Silva. O encontro teve como principal objetivo apresentar a Proposta de Emenda \u00e0 Constitui\u00e7\u00e3o (PEC) da Seguran\u00e7a P\u00fablica, que busca incorporar o Sistema \u00danico de Seguran\u00e7a P\u00fablica (Susp) \u00e0 Constitui\u00e7\u00e3o Federal.&nbsp;<\/p>\n\n\n\n<p>Essa medida permitir\u00e1 que o Governo Federal estabele\u00e7a diretrizes gerais para a seguran\u00e7a p\u00fablica e o sistema prisional em todo o pa\u00eds, mantendo, contudo, a autonomia dos estados. O texto foi enviado pelo minist\u00e9rio da Justi\u00e7a em julho deste ano para a avalia\u00e7\u00e3o do Planalto. A ideia visa que o Governo Federal defina padr\u00f5es a serem seguidos por todos os estados e munic\u00edpios, facilitando o di\u00e1logo e a integra\u00e7\u00e3o entre as pol\u00edcias Civil e Militar, e promovendo uma maior coordena\u00e7\u00e3o nacional.&nbsp;<\/p>\n\n\n\n<p>Durante a reuni\u00e3o no Pal\u00e1cio do Planalto, o governador do Tocantins, Wanderlei Barbosa, destacou a import\u00e2ncia da PEC da Seguran\u00e7a P\u00fablica para o Estado e para o Brasil. \u201cEstou comprometido em trabalhar com nossa bancada para aperfei\u00e7oar a PEC de seguran\u00e7a p\u00fablica, defendendo uma maior presen\u00e7a policial nas ruas. A seguran\u00e7a \u00e9 essencial para o crescimento econ\u00f4mico e a atra\u00e7\u00e3o de investidores, como vemos no Tocantins, que lidera a produ\u00e7\u00e3o de gr\u00e3os na regi\u00e3o norte. J\u00e1 firmamos parcerias com outros estados para enfrentar o crime organizado, e coloco o Tocantins \u00e0 disposi\u00e7\u00e3o do Governo Federal para unir for\u00e7as em favor da seguran\u00e7a p\u00fablica em n\u00edvel nacional\u201d, ressaltou o Governador.&nbsp;<\/p>\n\n\n\n<p>O fortalecimento da seguran\u00e7a p\u00fablica \u00e9 considerado uma prioridade para o Tocantins e para o Brasil. A inclus\u00e3o do Susp na Constitui\u00e7\u00e3o \u00e9 um passo essencial para garantir uma atua\u00e7\u00e3o mais integrada entre as diversas institui\u00e7\u00f5es de seguran\u00e7a, permitindo um enfrentamento mais eficaz da criminalidade. O governador Wanderlei Barbosa enfatizou que a inclus\u00e3o \u00e9 vista como fundamental para combater o crime organizado e finalizou sobre a amplia\u00e7\u00e3o do efetivo policial em todo o pa\u00eds. \u201cA colabora\u00e7\u00e3o entre os estados \u00e9 fundamental, e acredito que na seguran\u00e7a p\u00fablica n\u00e3o \u00e9 diferente. Se podemos somar for\u00e7as para combater o crime organizado, o Tocantins est\u00e1 \u00e0 disposi\u00e7\u00e3o do Governo Federal no que visa fazer a nossa parte\u201d, finalizou o governador.&nbsp;<\/p>\n\n\n\n<p><strong>PEC da Seguran\u00e7a P\u00fablica&nbsp;<\/strong><\/p>\n\n\n\n<p>A proposta \u00e9 a padroniza\u00e7\u00e3o de dados e a cria\u00e7\u00e3o de mecanismos que facilitem a troca de informa\u00e7\u00f5es entre as diversas for\u00e7as policiais, o que ajudar\u00e1 no combate ao crime organizado. Ela tamb\u00e9m sugere expandir as compet\u00eancias da Pol\u00edcia Federal contra mil\u00edcias e fac\u00e7\u00f5es internacionais, al\u00e9m de permitir que a Pol\u00edcia Rodovi\u00e1ria Federal atue em hidrovias, ferrovias e, potencialmente, como pol\u00edcia ostensiva federal em todo o Brasil.<\/p>\n\n\n\n<p>A participa\u00e7\u00e3o dos governadores e seus secret\u00e1rios de seguran\u00e7a p\u00fablica foi fundamental para que o texto da PEC fosse amplamente conhecido e para que pudessem apresentar suas impress\u00f5es e sugest\u00f5es futuras. Estiveram presentes acompanhando o governador Wanderlei Barbosa, o secret\u00e1rio de Representa\u00e7\u00e3o do Estado do Tocantins em Bras\u00edlia (Serb), Carlos Manzini J\u00fanior e a tenente-coronel da Pol\u00edcia Militar do Tocantins (PMTO), Benedita Soares de Moraes.\u00a0\u00a0<\/p>\n\n\n\n<p><img src=\"https:\/\/central.to.gov.br\/image\/399128?w=670&amp;h=383\"><\/p>\n\n\n\n<p>Acompanhando o governador Wanderlei Barbosa, o secret\u00e1rio da Serb, Carlos Manzini J\u00fanior e a tenente-coronel da PMTO, Benedita Soares de Moraes &#8211; Thiago Crulz\/Governo do Tocantins&nbsp;<a href=\"https:\/\/central.to.gov.br\/image\/399128?f=1\" target=\"_blank\" rel=\"noreferrer noopener\"><em>file_download<\/em><\/a><\/p>\n\n\n\n<p><img src=\"https:\/\/central.to.gov.br\/image\/399127?w=670&amp;h=383\"><\/p>\n\n\n\n<p>Presidente Lula se re\u00fane com governadores para discutir o novo plano para a seguran\u00e7a p\u00fablica &#8211; Thiago Crulz\/Governo do Tocantins&nbsp;<a href=\"https:\/\/central.to.gov.br\/image\/399127?f=1\" target=\"_blank\" rel=\"noreferrer noopener\"><em>file_download<\/em><\/a><a href=\"javascript:\"><em>keyboard_arrow_up<\/em><\/a><\/p>\n","protected":false},"excerpt":{"rendered":"<p>O governador do Tocantins, Wanderlei Barbosa, participou nesta quinta-feira, 31, de uma reuni\u00e3o no Pal\u00e1cio do Planalto, com governadores, secret\u00e1rios de seguran\u00e7a e autoridades do Congresso e do Judici\u00e1rio, liderada pelo presidente Luiz In\u00e1cio Lula da Silva. O encontro teve como principal objetivo apresentar a Proposta de Emenda \u00e0 Constitui\u00e7\u00e3o (PEC) da Seguran\u00e7a P\u00fablica, que [&hellip;]<\/p>\n","protected":false},"author":2,"featured_media":20991,"comment_status":"open","ping_status":"open","sticky":false,"template":"","format":"standard","meta":[],"categories":[3],"tags":[13],"_links":{"self":[{"href":"https:\/\/dgospel.com.br\/portal\/index.php\/wp-json\/wp\/v2\/posts\/20990"}],"collection":[{"href":"https:\/\/dgospel.com.br\/portal\/index.php\/wp-json\/wp\/v2\/posts"}],"about":[{"href":"https:\/\/dgospel.com.br\/portal\/index.php\/wp-json\/wp\/v2\/types\/post"}],"author":[{"embeddable":true,"href":"https:\/\/dgospel.com.br\/portal\/index.php\/wp-json\/wp\/v2\/users\/2"}],"replies":[{"embeddable":true,"href":"https:\/\/dgospel.com.br\/portal\/index.php\/wp-json\/wp\/v2\/comments?post=20990"}],"version-history":[{"count":1,"href":"https:\/\/dgospel.com.br\/portal\/index.php\/wp-json\/wp\/v2\/posts\/20990\/revisions"}],"predecessor-version":[{"id":20992,"href":"https:\/\/dgospel.com.br\/portal\/index.php\/wp-json\/wp\/v2\/posts\/20990\/revisions\/20992"}],"wp:featuredmedia":[{"embeddable":true,"href":"https:\/\/dgospel.com.br\/portal\/index.php\/wp-json\/wp\/v2\/media\/20991"}],"wp:attachment":[{"href":"https:\/\/dgospel.com.br\/portal\/index.php\/wp-json\/wp\/v2\/media?parent=20990"}],"wp:term":[{"taxonomy":"category","embeddable":true,"href":"https:\/\/dgospel.com.br\/portal\/index.php\/wp-json\/wp\/v2\/categories?post=20990"},{"taxonomy":"post_tag","embeddable":true,"href":"https:\/\/dgospel.com.br\/portal\/index.php\/wp-json\/wp\/v2\/tags?post=20990"}],"curies":[{"name":"wp","href":"https:\/\/api.w.org\/{rel}","templated":true}]}}