{"id":20993,"date":"2024-11-01T11:44:37","date_gmt":"2024-11-01T14:44:37","guid":{"rendered":"https:\/\/dgospel.com.br\/portal\/?p=20993"},"modified":"2024-11-01T11:44:38","modified_gmt":"2024-11-01T14:44:38","slug":"governador-wanderlei-barbosa-nomeia-adao-francisco-de-oliveira-como-secretario-de-igualdade-racial","status":"publish","type":"post","link":"https:\/\/dgospel.com.br\/portal\/index.php\/2024\/11\/01\/governador-wanderlei-barbosa-nomeia-adao-francisco-de-oliveira-como-secretario-de-igualdade-racial\/","title":{"rendered":"Governador Wanderlei Barbosa nomeia Ad\u00e3o Francisco de Oliveira como secret\u00e1rio de Igualdade Racial"},"content":{"rendered":"\n<p>O Governador do Tocantins, Wanderlei Barbosa, nomeou Ad\u00e3o Francisco de Oliveira para liderar a Secretaria de Estado da Igualdade Racial.<\/p>\n\n\n\n<p>O chefe do executivo ressaltou que a secretaria \u00e9 fundamental para a constru\u00e7\u00e3o de um estado mais juntos e inclusivo para todos. \u201cEstamos dando um passo hist\u00f3rico no Tocantins com a cria\u00e7\u00e3o desta Secretaria, um compromisso com a constru\u00e7\u00e3o de um Estado mais justo e inclusivo para todos. A nomea\u00e7\u00e3o de Ad\u00e3o Francisco de Oliveira para liderar essa nova pasta refor\u00e7a nosso empenho em combater o racismo e garantir as pol\u00edticas p\u00fablicas para todos\u201d destaca Wanderlei Barbosa.<\/p>\n\n\n\n<p>O secret\u00e1rio de Igualdade Racial, Ad\u00e3o Francisco de Oliveira, agradeceu a confian\u00e7a do Governador ao nomea-lo e enfatizou que pretende trabalhar para a cria\u00e7\u00e3o de pol\u00edticas estruturantes que contribuam para o enfrentamento do racismo estrutural e para o fortalecimento de direitos da popula\u00e7\u00e3o negra.<\/p>\n\n\n\n<p>\u201cFico honrado com o convite realizado pelo governador Wanderlei Barbosa para liderar essa pasta, que tem como miss\u00e3o enfrentar o racismo estrutural e promover a educa\u00e7\u00e3o racial. Nosso estado possui 75% de sua popula\u00e7\u00e3o assumidamente negra, segundo o \u00faltimo censo divulgado pelo IBGE, assim, a secretaria representa um importante passo para garantir melhores oportunidades e respeito \u00e0 diversidade da nossa popula\u00e7\u00e3o&#8221;<\/p>\n\n\n\n<p>A cria\u00e7\u00e3o da Secretaria ocorreu por meio da Medida Provis\u00f3ria n\u00b0 03, assinada pelo Governador e publicada no Di\u00e1rio Oficial do Estado no dia 30 de janeiro de 2024.<\/p>\n\n\n\n<p><strong>Perfil<\/strong><\/p>\n\n\n\n<p>Ad\u00e3o Francisco de Oliveira \u00e9 doutor e p\u00f3s-doutor em Geografia, historiador e soci\u00f3logo, ex-secret\u00e1rio de Educa\u00e7\u00e3o do Tocantins e professor da Universidade Federal do Tocantins (UFT).<\/p>\n","protected":false},"excerpt":{"rendered":"<p>O Governador do Tocantins, Wanderlei Barbosa, nomeou Ad\u00e3o Francisco de Oliveira para liderar a Secretaria de Estado da Igualdade Racial. O chefe do executivo ressaltou que a secretaria \u00e9 fundamental para a constru\u00e7\u00e3o de um estado mais juntos e inclusivo para todos. \u201cEstamos dando um passo hist\u00f3rico no Tocantins com a cria\u00e7\u00e3o desta Secretaria, um [&hellip;]<\/p>\n","protected":false},"author":2,"featured_media":20994,"comment_status":"open","ping_status":"open","sticky":false,"template":"","format":"standard","meta":[],"categories":[3],"tags":[13],"_links":{"self":[{"href":"https:\/\/dgospel.com.br\/portal\/index.php\/wp-json\/wp\/v2\/posts\/20993"}],"collection":[{"href":"https:\/\/dgospel.com.br\/portal\/index.php\/wp-json\/wp\/v2\/posts"}],"about":[{"href":"https:\/\/dgospel.com.br\/portal\/index.php\/wp-json\/wp\/v2\/types\/post"}],"author":[{"embeddable":true,"href":"https:\/\/dgospel.com.br\/portal\/index.php\/wp-json\/wp\/v2\/users\/2"}],"replies":[{"embeddable":true,"href":"https:\/\/dgospel.com.br\/portal\/index.php\/wp-json\/wp\/v2\/comments?post=20993"}],"version-history":[{"count":1,"href":"https:\/\/dgospel.com.br\/portal\/index.php\/wp-json\/wp\/v2\/posts\/20993\/revisions"}],"predecessor-version":[{"id":20995,"href":"https:\/\/dgospel.com.br\/portal\/index.php\/wp-json\/wp\/v2\/posts\/20993\/revisions\/20995"}],"wp:featuredmedia":[{"embeddable":true,"href":"https:\/\/dgospel.com.br\/portal\/index.php\/wp-json\/wp\/v2\/media\/20994"}],"wp:attachment":[{"href":"https:\/\/dgospel.com.br\/portal\/index.php\/wp-json\/wp\/v2\/media?parent=20993"}],"wp:term":[{"taxonomy":"category","embeddable":true,"href":"https:\/\/dgospel.com.br\/portal\/index.php\/wp-json\/wp\/v2\/categories?post=20993"},{"taxonomy":"post_tag","embeddable":true,"href":"https:\/\/dgospel.com.br\/portal\/index.php\/wp-json\/wp\/v2\/tags?post=20993"}],"curies":[{"name":"wp","href":"https:\/\/api.w.org\/{rel}","templated":true}]}}