{"id":210,"date":"2018-05-17T15:19:02","date_gmt":"2018-05-17T18:19:02","guid":{"rendered":"http:\/\/dgospel.com.br\/portal\/?p=210"},"modified":"2018-05-17T15:19:02","modified_gmt":"2018-05-17T18:19:02","slug":"governador-determina-pagamento-de-medicos-do-plansaude","status":"publish","type":"post","link":"https:\/\/dgospel.com.br\/portal\/index.php\/2018\/05\/17\/governador-determina-pagamento-de-medicos-do-plansaude\/","title":{"rendered":"Governador determina pagamento de m\u00e9dicos do Plansa\u00fade"},"content":{"rendered":"<p>O governador interino e candidato ao Governo do Estado, Mauro Carlsse, da coliga\u00e7\u00e3o\u00a0<strong><em>Governo de Atitude<\/em><\/strong>, determinou que sejam pagas todas as pend\u00eancias com o Plano de Sa\u00fade dos Servidores P\u00fablicos Estaduais (Plansa\u00fade). O valor total a ser pago em duas parcelas \u00e9 de R$ 7.712.234,43.<\/p>\n<p>A primeira parcela \u2013 referente aos meses de outubro de 2017, janeiro e mar\u00e7o deste ano, no valor de total de R$ 3.837.630,14 \u2013, ser\u00e1 depositada na sexta-feira, 18. O restante \u2013 novembro e dezembro de 2018 e fevereiro de 2018 \u2013 ser\u00e1 efetuado no dia 15 do pr\u00f3ximo m\u00eas, no valor total de R$ 3.874.604,29. Esses valores dizem respeito exclusivamente \u00e0 d\u00edvida com os m\u00e9dicos deixada pelo Governo anterior.<\/p>\n<p>\u201c\u00c9 assim que estamos resgatando a credibilidade do Estado, honrando os compromissos para normalizar o atendimento aos servidores p\u00fablicos e seus familiares, disse Carlesse.<\/p>\n<p>D\u00edvida<\/p>\n<p>A d\u00edvida total do Estado com o Plansa\u00fade soma R$ 162 milh\u00f5es, conforme dados divulgados no \u00faltimo dia 7 por Carlesse e seu secretariado. Segundo o governador, os valores descontados na folha de pagamento dos servidores n\u00e3o eram repassados ao Plansa\u00fade.<\/p>\n<p>A consequ\u00eancia da d\u00edvida deixada pelo governador cassado pela Justi\u00e7a Eleitoral \u00e9 a falta de atendimento m\u00e9dico-hospitalar aos usu\u00e1rios do Plano. De acordo com in\u00fameras not\u00edcias veiculadas na imprensa local, os usu\u00e1rios das principais cidades do Estado n\u00e3o estavam conseguindo marcar consultas.<\/p>\n<p>&nbsp;<\/p>\n<p>&nbsp;<\/p>\n","protected":false},"excerpt":{"rendered":"<p>O governador interino e candidato ao Governo do Estado, Mauro Carlsse, da coliga\u00e7\u00e3o\u00a0Governo de Atitude, determinou que sejam pagas todas as pend\u00eancias com o Plano de Sa\u00fade dos Servidores P\u00fablicos Estaduais (Plansa\u00fade). O valor total a ser pago em duas parcelas \u00e9 de R$ 7.712.234,43. A primeira parcela \u2013 referente aos meses de outubro de [&hellip;]<\/p>\n","protected":false},"author":2,"featured_media":211,"comment_status":"open","ping_status":"open","sticky":false,"template":"","format":"standard","meta":[],"categories":[2,3],"tags":[],"_links":{"self":[{"href":"https:\/\/dgospel.com.br\/portal\/index.php\/wp-json\/wp\/v2\/posts\/210"}],"collection":[{"href":"https:\/\/dgospel.com.br\/portal\/index.php\/wp-json\/wp\/v2\/posts"}],"about":[{"href":"https:\/\/dgospel.com.br\/portal\/index.php\/wp-json\/wp\/v2\/types\/post"}],"author":[{"embeddable":true,"href":"https:\/\/dgospel.com.br\/portal\/index.php\/wp-json\/wp\/v2\/users\/2"}],"replies":[{"embeddable":true,"href":"https:\/\/dgospel.com.br\/portal\/index.php\/wp-json\/wp\/v2\/comments?post=210"}],"version-history":[{"count":1,"href":"https:\/\/dgospel.com.br\/portal\/index.php\/wp-json\/wp\/v2\/posts\/210\/revisions"}],"predecessor-version":[{"id":212,"href":"https:\/\/dgospel.com.br\/portal\/index.php\/wp-json\/wp\/v2\/posts\/210\/revisions\/212"}],"wp:featuredmedia":[{"embeddable":true,"href":"https:\/\/dgospel.com.br\/portal\/index.php\/wp-json\/wp\/v2\/media\/211"}],"wp:attachment":[{"href":"https:\/\/dgospel.com.br\/portal\/index.php\/wp-json\/wp\/v2\/media?parent=210"}],"wp:term":[{"taxonomy":"category","embeddable":true,"href":"https:\/\/dgospel.com.br\/portal\/index.php\/wp-json\/wp\/v2\/categories?post=210"},{"taxonomy":"post_tag","embeddable":true,"href":"https:\/\/dgospel.com.br\/portal\/index.php\/wp-json\/wp\/v2\/tags?post=210"}],"curies":[{"name":"wp","href":"https:\/\/api.w.org\/{rel}","templated":true}]}}