{"id":21018,"date":"2024-11-12T09:59:51","date_gmt":"2024-11-12T12:59:51","guid":{"rendered":"https:\/\/dgospel.com.br\/portal\/?p=21018"},"modified":"2024-11-12T09:59:52","modified_gmt":"2024-11-12T12:59:52","slug":"procon-tocantins-realiza-monitoramento-de-precos-para-a-black-friday","status":"publish","type":"post","link":"https:\/\/dgospel.com.br\/portal\/index.php\/2024\/11\/12\/procon-tocantins-realiza-monitoramento-de-precos-para-a-black-friday\/","title":{"rendered":"Procon Tocantins realiza monitoramento de pre\u00e7os para a Black Friday"},"content":{"rendered":"\n<p>Com as promo\u00e7\u00f5es da&nbsp;<em>Black Friday<\/em>&nbsp;se aproximando, a Superintend\u00eancia de Defesa e Prote\u00e7\u00e3o do Consumidor do Tocantins (Procon Tocantins) realizou, entre os dias 5 e 8 de novembro, o monitoramento de pre\u00e7os em estabelecimentos do estado. Ao todo, foram 180 empresas acompanhadas nos munic\u00edpios de Palmas, Porto Nacional, Gurupi, Dian\u00f3polis, Guara\u00ed, Colinas, Aragua\u00edna, Araguatins e Tocantin\u00f3polis.<\/p>\n\n\n\n<p>No total, foram fiscalizados 1.903 produtos de diversas categorias entre eles: carros, motos, celulares, tablets, notebooks, perfumes, rel\u00f3gios, \u00f3culos, roupas, cal\u00e7ados, liquidificadores, airfryers, secadores, escovas el\u00e9tricas, batedeiras, cafeteiras, bicicletas, bolas, sof\u00e1s, mesas, sanduicheiras, fog\u00f5es, arm\u00e1rios, refrigeradores, ventiladores, televisores, fornos el\u00e9tricos e aspiradores.<\/p>\n\n\n\n<p>O principal objetivo dessa a\u00e7\u00e3o \u00e9 assegurar que as promo\u00e7\u00f5es de&nbsp;<em>Black Friday&nbsp;<\/em>ofere\u00e7am descontos reais e que os consumidores n\u00e3o sejam enganados por pr\u00e1ticas de publicidade enganosas. Monitorando os pre\u00e7os antes da<em>&nbsp;Black Friday<\/em>, o Procon pode identificar e agir contra essas pr\u00e1ticas abusivas, protegendo os consumidores e promovendo um mercado mais transparente e justo.<\/p>\n\n\n\n<p>\u201cO CDC [C\u00f3digo de Defesa do Consumidor] garante como direitos b\u00e1sicos do consumidor, a prote\u00e7\u00e3o contra pr\u00e1ticas comerciais enganosas e abusivas. Segundo o artigo 37 do CDC, \u00e9 proibida toda forma de publicidade que possa induzir o consumidor ao erro, seja por omiss\u00e3o, exagero ou inverdade. A publicidade enganosa ou abusiva, portanto, \u00e9 vedada, assegurando que o consumidor tenha acesso a informa\u00e7\u00f5es corretas e completas para tomar decis\u00f5es de compra de forma consciente e informada\u201d, explicou o superintendente interino do Procon Tocantins, Magno Silva.<\/p>\n\n\n\n<p>No dia 29 de novembro, os fiscais do Procon Tocantins retornar\u00e3o aos estabelecimentos comerciais com os dados coletados durante o monitoramento. Se forem encontrados pre\u00e7os superiores aos praticados antes das ofertas ou outras irregularidades, as empresas ser\u00e3o autuadas. Dessa maneira, o Procon Tocantins refor\u00e7a seu compromisso com a defesa dos direitos dos consumidores e a promo\u00e7\u00e3o de pr\u00e1ticas comerciais justas.<\/p>\n","protected":false},"excerpt":{"rendered":"<p>Com as promo\u00e7\u00f5es da&nbsp;Black Friday&nbsp;se aproximando, a Superintend\u00eancia de Defesa e Prote\u00e7\u00e3o do Consumidor do Tocantins (Procon Tocantins) realizou, entre os dias 5 e 8 de novembro, o monitoramento de pre\u00e7os em estabelecimentos do estado. Ao todo, foram 180 empresas acompanhadas nos munic\u00edpios de Palmas, Porto Nacional, Gurupi, Dian\u00f3polis, Guara\u00ed, Colinas, Aragua\u00edna, Araguatins e Tocantin\u00f3polis. [&hellip;]<\/p>\n","protected":false},"author":2,"featured_media":21019,"comment_status":"open","ping_status":"open","sticky":false,"template":"","format":"standard","meta":[],"categories":[3],"tags":[13],"_links":{"self":[{"href":"https:\/\/dgospel.com.br\/portal\/index.php\/wp-json\/wp\/v2\/posts\/21018"}],"collection":[{"href":"https:\/\/dgospel.com.br\/portal\/index.php\/wp-json\/wp\/v2\/posts"}],"about":[{"href":"https:\/\/dgospel.com.br\/portal\/index.php\/wp-json\/wp\/v2\/types\/post"}],"author":[{"embeddable":true,"href":"https:\/\/dgospel.com.br\/portal\/index.php\/wp-json\/wp\/v2\/users\/2"}],"replies":[{"embeddable":true,"href":"https:\/\/dgospel.com.br\/portal\/index.php\/wp-json\/wp\/v2\/comments?post=21018"}],"version-history":[{"count":1,"href":"https:\/\/dgospel.com.br\/portal\/index.php\/wp-json\/wp\/v2\/posts\/21018\/revisions"}],"predecessor-version":[{"id":21020,"href":"https:\/\/dgospel.com.br\/portal\/index.php\/wp-json\/wp\/v2\/posts\/21018\/revisions\/21020"}],"wp:featuredmedia":[{"embeddable":true,"href":"https:\/\/dgospel.com.br\/portal\/index.php\/wp-json\/wp\/v2\/media\/21019"}],"wp:attachment":[{"href":"https:\/\/dgospel.com.br\/portal\/index.php\/wp-json\/wp\/v2\/media?parent=21018"}],"wp:term":[{"taxonomy":"category","embeddable":true,"href":"https:\/\/dgospel.com.br\/portal\/index.php\/wp-json\/wp\/v2\/categories?post=21018"},{"taxonomy":"post_tag","embeddable":true,"href":"https:\/\/dgospel.com.br\/portal\/index.php\/wp-json\/wp\/v2\/tags?post=21018"}],"curies":[{"name":"wp","href":"https:\/\/api.w.org\/{rel}","templated":true}]}}