{"id":21024,"date":"2024-11-12T10:09:58","date_gmt":"2024-11-12T13:09:58","guid":{"rendered":"https:\/\/dgospel.com.br\/portal\/?p=21024"},"modified":"2024-11-12T10:10:00","modified_gmt":"2024-11-12T13:10:00","slug":"governo-do-tocantins-concede-premio-profe-no-valor-de-r-250-mil-a-cada-escola-municipal-selecionada","status":"publish","type":"post","link":"https:\/\/dgospel.com.br\/portal\/index.php\/2024\/11\/12\/governo-do-tocantins-concede-premio-profe-no-valor-de-r-250-mil-a-cada-escola-municipal-selecionada\/","title":{"rendered":"Governo do Tocantins concede\u00a0Pr\u00eamio PROFE\u00a0no\u00a0valor de\u00a0R$ 250 mil a cada escola municipal selecionada"},"content":{"rendered":"\n<p>O Governo do Tocantins, por meio da Secretaria de Estado da Educa\u00e7\u00e3o (Seduc), divulga nesta segunda-feira, 11, no Di\u00e1rio Oficial do Estado (DOE\/TO), o resultado do<em>&nbsp;Pr\u00eamio PROFE de Educa\u00e7\u00e3o nos Munic\u00edpios<\/em>. A iniciativa visa reconhecer e incentivar as escolas p\u00fablicas municipais que se destacaram no \u00cdndice de Desenvolvimento da Educa\u00e7\u00e3o B\u00e1sica (Ideb) no 5\u00b0 ano do ensino fundamental\/2023.<\/p>\n\n\n\n<p>Foram premiadas 39 escolas municipais de 25 munic\u00edpios tocantinenses. Cada unidade escolar receber\u00e1 R$ 250 mil, valor a ser destinado exclusivamente a obras e reformas na infraestrutura escolar. A cerim\u00f4nia de premia\u00e7\u00e3o ocorrer\u00e1 no m\u00eas de dezembro, em Palmas.<br><br>O pr\u00eamio \u00e9 resultado das a\u00e7\u00f5es do PROFE nos Munic\u00edpios, um dos eixos do&nbsp;<em>Programa de Fortalecimento da Educa\u00e7\u00e3o (PROFE)<\/em>, desenvolvido pela Seduc com foco na melhoria dos \u00edndices educacionais de todo o territ\u00f3rio tocantinense, incluindo todas as escolas p\u00fablicas do estado.<\/p>\n\n\n\n<p><strong>PROFE nos Munic\u00edpios&nbsp;<\/strong><br><br>A gest\u00e3o estadual tem se voltado para a educa\u00e7\u00e3o a partir da primeira inf\u00e2ncia, antes mesmo de os estudantes ingressarem no ensino fundamental &#8211; anos finais. Com o&nbsp;<em>Alfabetiza Mais Tocantins<\/em>, a Seduc tem a meta de atender mais de 78 mil estudantes dos 139 munic\u00edpios tocantinenses, com investimentos de cerca de R$ 8 milh\u00f5es em a\u00e7\u00f5es que englobam estrat\u00e9gias como forma\u00e7\u00e3o continuada para os profissionais, concess\u00e3o de bolsas para articuladores e formadores, entrega de material estruturado para professores e estudantes, al\u00e9m de premia\u00e7\u00e3o das boas pr\u00e1ticas.<br><br>Nesse sentido, o governador do Tocantins, Wanderlei Barbosa, destaca que a gest\u00e3o estadual tem trabalhado para melhorar os indicadores educacionais de todo o estado. \u201cN\u00f3s temos investido na rede p\u00fablica de educa\u00e7\u00e3o como um todo. Nosso governo \u00e9 parceiro dos munic\u00edpios, porque entendemos que o Estado s\u00f3 \u00e9 forte quando os munic\u00edpios tamb\u00e9m s\u00e3o\u201d, pontua o governador.<br><br>O secret\u00e1rio de Estado da Educa\u00e7\u00e3o, F\u00e1bio Vaz, enfatiza a import\u00e2ncia da educa\u00e7\u00e3o de territ\u00f3rio que a Seduc tem desenvolvido por meio do PROFE nos Munic\u00edpios, contribuindo para a melhora dos indicadores municipais.<br><br>\u201cCom o PROFE nos Munic\u00edpios, temos esse olhar voltado para a educa\u00e7\u00e3o municipal. Percebemos que s\u00f3 investir na educa\u00e7\u00e3o estadual n\u00e3o era suficiente, porque os estudantes precisam de uma educa\u00e7\u00e3o de qualidade em todo o territ\u00f3rio, desde a educa\u00e7\u00e3o infantil, para que consigam se desenvolver no ensino fundamental e no ensino m\u00e9dio. Ent\u00e3o, criamos mecanismos, como esta premia\u00e7\u00e3o, para alcan\u00e7armos esse objetivo\u201d, explica F\u00e1bio Vaz.<br><br>Os munic\u00edpios tocantinenses ainda contam com o ICMS Educacional, uma pol\u00edtica de incentivo \u00e0 melhoria da aprendizagem nos munic\u00edpios brasileiros que prev\u00ea a atribui\u00e7\u00e3o de um indicador educacional entre os crit\u00e9rios para a distribui\u00e7\u00e3o da cota-parte municipal do Imposto sobre Circula\u00e7\u00e3o de Mercadorias e Servi\u00e7os (ICMS).<\/p>\n","protected":false},"excerpt":{"rendered":"<p>O Governo do Tocantins, por meio da Secretaria de Estado da Educa\u00e7\u00e3o (Seduc), divulga nesta segunda-feira, 11, no Di\u00e1rio Oficial do Estado (DOE\/TO), o resultado do&nbsp;Pr\u00eamio PROFE de Educa\u00e7\u00e3o nos Munic\u00edpios. A iniciativa visa reconhecer e incentivar as escolas p\u00fablicas municipais que se destacaram no \u00cdndice de Desenvolvimento da Educa\u00e7\u00e3o B\u00e1sica (Ideb) no 5\u00b0 ano [&hellip;]<\/p>\n","protected":false},"author":2,"featured_media":21025,"comment_status":"open","ping_status":"open","sticky":false,"template":"","format":"standard","meta":[],"categories":[3],"tags":[13],"_links":{"self":[{"href":"https:\/\/dgospel.com.br\/portal\/index.php\/wp-json\/wp\/v2\/posts\/21024"}],"collection":[{"href":"https:\/\/dgospel.com.br\/portal\/index.php\/wp-json\/wp\/v2\/posts"}],"about":[{"href":"https:\/\/dgospel.com.br\/portal\/index.php\/wp-json\/wp\/v2\/types\/post"}],"author":[{"embeddable":true,"href":"https:\/\/dgospel.com.br\/portal\/index.php\/wp-json\/wp\/v2\/users\/2"}],"replies":[{"embeddable":true,"href":"https:\/\/dgospel.com.br\/portal\/index.php\/wp-json\/wp\/v2\/comments?post=21024"}],"version-history":[{"count":1,"href":"https:\/\/dgospel.com.br\/portal\/index.php\/wp-json\/wp\/v2\/posts\/21024\/revisions"}],"predecessor-version":[{"id":21026,"href":"https:\/\/dgospel.com.br\/portal\/index.php\/wp-json\/wp\/v2\/posts\/21024\/revisions\/21026"}],"wp:featuredmedia":[{"embeddable":true,"href":"https:\/\/dgospel.com.br\/portal\/index.php\/wp-json\/wp\/v2\/media\/21025"}],"wp:attachment":[{"href":"https:\/\/dgospel.com.br\/portal\/index.php\/wp-json\/wp\/v2\/media?parent=21024"}],"wp:term":[{"taxonomy":"category","embeddable":true,"href":"https:\/\/dgospel.com.br\/portal\/index.php\/wp-json\/wp\/v2\/categories?post=21024"},{"taxonomy":"post_tag","embeddable":true,"href":"https:\/\/dgospel.com.br\/portal\/index.php\/wp-json\/wp\/v2\/tags?post=21024"}],"curies":[{"name":"wp","href":"https:\/\/api.w.org\/{rel}","templated":true}]}}