{"id":21027,"date":"2024-11-12T11:24:53","date_gmt":"2024-11-12T14:24:53","guid":{"rendered":"https:\/\/dgospel.com.br\/portal\/?p=21027"},"modified":"2024-11-12T11:25:10","modified_gmt":"2024-11-12T14:25:10","slug":"prefeito-de-rio-branco-sanciona-lei-que-permite-biblias-em-bibliotecas-de-escolas","status":"publish","type":"post","link":"https:\/\/dgospel.com.br\/portal\/index.php\/2024\/11\/12\/prefeito-de-rio-branco-sanciona-lei-que-permite-biblias-em-bibliotecas-de-escolas\/","title":{"rendered":"Prefeito de Rio Branco sanciona lei que permite B\u00edblias em bibliotecas de escolas"},"content":{"rendered":"\n<p>O prefeito de Rio Branco (AC), Ti\u00e3o Bocalom, sancionou a lei que permite a disponibiliza\u00e7\u00e3o da&nbsp;<a href=\"https:\/\/guiame.com.br\/gospel\/noticias\/governo-do-rn-sanciona-lei-que-permite-uso-da-biblia-como-ferramenta-educacional.html\"><strong>B\u00edblia<\/strong><\/a>&nbsp;em bibliotecas das&nbsp;<a href=\"https:\/\/guiame.com.br\/gospel\/noticias\/encontros-biblicos-em-intervalos-nas-escolas-sao-alvo-de-investigacao-do-mp-em-pernambuco.html\"><strong>escolas<\/strong><\/a>&nbsp;municipais e privadas da capital, na segunda-feira (11).<\/p>\n\n\n\n<p>Chamado de&nbsp;<a href=\"https:\/\/guiame.com.br\/gospel\/noticias\/camara-de-rio-branco-aprova-lei-que-permite-biblias-em-bibliotecas-de-escolas.html\"><strong>\u201cB\u00edblia nas Escolas\u201d<\/strong><\/a>, o projeto de lei afirma que as Escrituras ser\u00e3o disponibilizadas para a consulta dos alunos que desejarem, como uma fonte de conhecimento hist\u00f3rico, filos\u00f3fico, sociol\u00f3gico, cultural e arqueol\u00f3gico.<\/p>\n\n\n\n<p>A lei, aprovada pela C\u00e2mara de Vereadores de Rio Branco, esclarece que o uso da B\u00edblia \u00e9 opcional ap\u00f3s a autoriza\u00e7\u00e3o pr\u00e9via dos respons\u00e1veis legais, e determina que o livro seja utilizado como ferramenta educacional, sem \u201cproselitismo religioso\u201d.<\/p>\n\n\n\n<p>\u201cA minha san\u00e7\u00e3o \u00e9 porque n\u00e3o se trata de nada obrigat\u00f3rio, \u00e9 facultativo. Agora n\u00f3s vamos proibir as pessoas de poderem tratar das coisas? Se ele quer, tem a f\u00e9, ele acredita. N\u00f3s vamos proibi-los? Jamais\u201d, afirmou Ti\u00e3o Bocalom, durante a cerim\u00f4nia de assinatura da legisla\u00e7\u00e3o.<\/p>\n\n\n\n<p>\u201cEnt\u00e3o, \u00e9 por isso que eu fiz a san\u00e7\u00e3o e \u00e9 uma coisa de princ\u00edpios crist\u00e3os. Eu sou um homem regido pelos princ\u00edpios crist\u00e3os e isso para mim faz parte dos meus princ\u00edpios e estarei sempre \u00e0 disposi\u00e7\u00e3o de defesa dos princ\u00edpios crist\u00e3os\u201d, acrescentou.<\/p>\n\n\n\n<p>A cerim\u00f4nia contou com a presen\u00e7a de l\u00edderes crist\u00e3os, incluindo o presidente da Associa\u00e7\u00e3o dos Ministros Evang\u00e9licos do Acre (Ameacre), pastor Eldo Gama.<\/p>\n\n\n\n<p>\u201cPara n\u00f3s \u00e9 uma alegria imensa, haja vista que \u00e9 uma conquista da comunidade crist\u00e3 e evang\u00e9lica. N\u00f3s priorizamos o ensino das Escrituras Sagradas, como um fundamento de \u00e9tica, moral, respeito. A B\u00edblia \u00e9 um livro milenar, muito mais do que um livro religioso para uma religi\u00e3o espec\u00edfica, \u00e9 um livro de sabedoria pr\u00e1tica para a humanidade\u201d, declarou ele.<\/p>\n\n\n\n<p>O autor do projeto de lei, o vereador n\u00e3o reeleito Arnaldo Barros (Podemos), comemorou a san\u00e7\u00e3o.<\/p>\n\n\n\n<p>\u201cO projeto B\u00edblia nas Escolas n\u00e3o \u00e9 simplesmente um livro, \u00e9 o livro dos livros que ser\u00e1 ensinado aos nossos filhos. Tem at\u00e9 um vers\u00edculo que diz assim, ensina os teus filhos no caminho que se deve andar, para que amanh\u00e3 eles n\u00e3o se percam. Ent\u00e3o \u00e9 uma Palavra poderosa para nossos filhos. Essa gera\u00e7\u00e3o de adolescentes, de jovens, eles v\u00e3o estar sendo instru\u00eddos atrav\u00e9s de professores, a import\u00e2ncia da B\u00edblia\u201d, afirmou.<\/p>\n\n\n\n<p>Ap\u00f3s san\u00e7\u00e3o, a Lei Municipal N\u00ba 2.530 come\u00e7ar\u00e1 a valer a partir da publica\u00e7\u00e3o no Di\u00e1rio Oficial do Estado do Acre (DOE).<\/p>\n","protected":false},"excerpt":{"rendered":"<p>O prefeito de Rio Branco (AC), Ti\u00e3o Bocalom, sancionou a lei que permite a disponibiliza\u00e7\u00e3o da&nbsp;B\u00edblia&nbsp;em bibliotecas das&nbsp;escolas&nbsp;municipais e privadas da capital, na segunda-feira (11). Chamado de&nbsp;\u201cB\u00edblia nas Escolas\u201d, o projeto de lei afirma que as Escrituras ser\u00e3o disponibilizadas para a consulta dos alunos que desejarem, como uma fonte de conhecimento hist\u00f3rico, filos\u00f3fico, sociol\u00f3gico, cultural [&hellip;]<\/p>\n","protected":false},"author":2,"featured_media":21028,"comment_status":"open","ping_status":"open","sticky":false,"template":"","format":"standard","meta":[],"categories":[12,10],"tags":[],"_links":{"self":[{"href":"https:\/\/dgospel.com.br\/portal\/index.php\/wp-json\/wp\/v2\/posts\/21027"}],"collection":[{"href":"https:\/\/dgospel.com.br\/portal\/index.php\/wp-json\/wp\/v2\/posts"}],"about":[{"href":"https:\/\/dgospel.com.br\/portal\/index.php\/wp-json\/wp\/v2\/types\/post"}],"author":[{"embeddable":true,"href":"https:\/\/dgospel.com.br\/portal\/index.php\/wp-json\/wp\/v2\/users\/2"}],"replies":[{"embeddable":true,"href":"https:\/\/dgospel.com.br\/portal\/index.php\/wp-json\/wp\/v2\/comments?post=21027"}],"version-history":[{"count":1,"href":"https:\/\/dgospel.com.br\/portal\/index.php\/wp-json\/wp\/v2\/posts\/21027\/revisions"}],"predecessor-version":[{"id":21029,"href":"https:\/\/dgospel.com.br\/portal\/index.php\/wp-json\/wp\/v2\/posts\/21027\/revisions\/21029"}],"wp:featuredmedia":[{"embeddable":true,"href":"https:\/\/dgospel.com.br\/portal\/index.php\/wp-json\/wp\/v2\/media\/21028"}],"wp:attachment":[{"href":"https:\/\/dgospel.com.br\/portal\/index.php\/wp-json\/wp\/v2\/media?parent=21027"}],"wp:term":[{"taxonomy":"category","embeddable":true,"href":"https:\/\/dgospel.com.br\/portal\/index.php\/wp-json\/wp\/v2\/categories?post=21027"},{"taxonomy":"post_tag","embeddable":true,"href":"https:\/\/dgospel.com.br\/portal\/index.php\/wp-json\/wp\/v2\/tags?post=21027"}],"curies":[{"name":"wp","href":"https:\/\/api.w.org\/{rel}","templated":true}]}}