{"id":21030,"date":"2024-11-13T11:23:44","date_gmt":"2024-11-13T14:23:44","guid":{"rendered":"https:\/\/dgospel.com.br\/portal\/?p=21030"},"modified":"2024-11-13T11:23:45","modified_gmt":"2024-11-13T14:23:45","slug":"lula-quer-incluir-previdencia-dos-militares-no-corte-de-gastos","status":"publish","type":"post","link":"https:\/\/dgospel.com.br\/portal\/index.php\/2024\/11\/13\/lula-quer-incluir-previdencia-dos-militares-no-corte-de-gastos\/","title":{"rendered":"Lula quer incluir previd\u00eancia dos militares no corte de gastos"},"content":{"rendered":"\n<p>O governo do presidente Luiz In\u00e1cio Lula da Silva (PT) decidiu incluir mais um minist\u00e9rio no corte de gastos que pretende fazer para zerar o d\u00e9ficit p\u00fablico, o da Defesa. De acordo com o colunista Valdo Cruz, do portal G1, os militares resistem a mudan\u00e7as no sistema previdenci\u00e1rio, mas aceitam ajustes pontuais e cobram revis\u00f5es no sistema de previd\u00eancia de outras \u00e1reas, como do Judici\u00e1rio.<\/p>\n\n\n\n<p>Dados do Tribunal de Contas da Uni\u00e3o (TCU) apontam que a previd\u00eancia dos militares teve gasto de R$ 58,89 bilh\u00f5es, enquanto o Minist\u00e9rio da Defesa conseguiu arrecadar apenas R$ 9,1 bilh\u00f5es para o sistema.<\/p>\n\n\n\n<p>Para o Minist\u00e9rio da Defesa, n\u00e3o \u00e9 justo que apenas os militares \u201ccontribuam com mais cortes na Previd\u00eancia\u201d. A pasta tamb\u00e9m citou os \u201csupersal\u00e1rios\u201d do Judici\u00e1rio e as aposentadorias elevadas.<\/p>\n\n\n\n<p>O ministro da Fazenda, Fernando Haddad, deve se reunir nesta quarta-feira (13) com o ministro da Defesa, Jos\u00e9 M\u00facio, para tratar dos cortes.<\/p>\n","protected":false},"excerpt":{"rendered":"<p>O governo do presidente Luiz In\u00e1cio Lula da Silva (PT) decidiu incluir mais um minist\u00e9rio no corte de gastos que pretende fazer para zerar o d\u00e9ficit p\u00fablico, o da Defesa. De acordo com o colunista Valdo Cruz, do portal G1, os militares resistem a mudan\u00e7as no sistema previdenci\u00e1rio, mas aceitam ajustes pontuais e cobram revis\u00f5es [&hellip;]<\/p>\n","protected":false},"author":2,"featured_media":21031,"comment_status":"open","ping_status":"open","sticky":false,"template":"","format":"standard","meta":[],"categories":[12,10],"tags":[],"_links":{"self":[{"href":"https:\/\/dgospel.com.br\/portal\/index.php\/wp-json\/wp\/v2\/posts\/21030"}],"collection":[{"href":"https:\/\/dgospel.com.br\/portal\/index.php\/wp-json\/wp\/v2\/posts"}],"about":[{"href":"https:\/\/dgospel.com.br\/portal\/index.php\/wp-json\/wp\/v2\/types\/post"}],"author":[{"embeddable":true,"href":"https:\/\/dgospel.com.br\/portal\/index.php\/wp-json\/wp\/v2\/users\/2"}],"replies":[{"embeddable":true,"href":"https:\/\/dgospel.com.br\/portal\/index.php\/wp-json\/wp\/v2\/comments?post=21030"}],"version-history":[{"count":1,"href":"https:\/\/dgospel.com.br\/portal\/index.php\/wp-json\/wp\/v2\/posts\/21030\/revisions"}],"predecessor-version":[{"id":21032,"href":"https:\/\/dgospel.com.br\/portal\/index.php\/wp-json\/wp\/v2\/posts\/21030\/revisions\/21032"}],"wp:featuredmedia":[{"embeddable":true,"href":"https:\/\/dgospel.com.br\/portal\/index.php\/wp-json\/wp\/v2\/media\/21031"}],"wp:attachment":[{"href":"https:\/\/dgospel.com.br\/portal\/index.php\/wp-json\/wp\/v2\/media?parent=21030"}],"wp:term":[{"taxonomy":"category","embeddable":true,"href":"https:\/\/dgospel.com.br\/portal\/index.php\/wp-json\/wp\/v2\/categories?post=21030"},{"taxonomy":"post_tag","embeddable":true,"href":"https:\/\/dgospel.com.br\/portal\/index.php\/wp-json\/wp\/v2\/tags?post=21030"}],"curies":[{"name":"wp","href":"https:\/\/api.w.org\/{rel}","templated":true}]}}