{"id":21036,"date":"2024-11-13T11:30:05","date_gmt":"2024-11-13T14:30:05","guid":{"rendered":"https:\/\/dgospel.com.br\/portal\/?p=21036"},"modified":"2024-11-13T11:30:07","modified_gmt":"2024-11-13T14:30:07","slug":"bancada-evangelica-declara-apoio-a-candidatura-de-hugo-motta","status":"publish","type":"post","link":"https:\/\/dgospel.com.br\/portal\/index.php\/2024\/11\/13\/bancada-evangelica-declara-apoio-a-candidatura-de-hugo-motta\/","title":{"rendered":"Bancada evang\u00e9lica declara apoio \u00e0 candidatura de Hugo Motta"},"content":{"rendered":"\n<p>O deputado Hugo Motta (Republicanos-PB) fechou alian\u00e7a na noite desta ter\u00e7a-feira (12) com a bancada evang\u00e9lica para disputar a presid\u00eancia da C\u00e2mara. O parlamentar, que tem a b\u00ean\u00e7\u00e3o do atual presidente da Casa, Arthur Lira (PP-AL), j\u00e1 conquistou o apoio de 15 partidos e contabiliza 385 votos, 128 a mais do que o necess\u00e1rio para vencer a elei\u00e7\u00e3o em primeiro turno.<\/p>\n\n\n\n<p>O acordo com a bancada evang\u00e9lica foi selado em uma churrascaria, em Bras\u00edlia, durante jantar que contou com a participa\u00e7\u00e3o de Lira e diversos parlamentares religiosos.<\/p>\n\n\n\n<p>\u2013 Tem uma coisa que \u00e9 melhor que ser presidente da C\u00e2mara, tem uma coisa que \u00e9 melhor que ser presidente da Rep\u00fablica, uma coisa que \u00e9 melhor que tudo, que \u00e9 entregar a vida a Jesus \u2013 disse o deputado Otoni de Paula (MDB-RJ), que chegou a cantar can\u00e7\u00f5es gospel na ocasi\u00e3o.<\/p>\n\n\n\n<p>O deputado alagoano retomou no plen\u00e1rio a discuss\u00e3o de uma Proposta de Emenda \u00e0 Constitui\u00e7\u00e3o (PEC) que amplia a imunidade tribut\u00e1ria de templos religiosos. A vota\u00e7\u00e3o da medida est\u00e1 prevista para esta quarta (13).<\/p>\n\n\n\n<p>O presidente da bancada evang\u00e9lica, Silas C\u00e2mara (Republicanos-AM), disse que Motta continuar\u00e1 o trabalho feito por Lira nos \u00faltimos anos.<\/p>\n\n\n\n<p>\u2013 A semeadura que o Arthur fez durante esses quatro anos, e com o apoio do pr\u00f3prio presidente Arthur ao Hugo Motta, sinaliza para a gente que haver\u00e1 uma continuidade que dar\u00e1 possibilidade de continuarmos avan\u00e7ando \u2013 declarou.<\/p>\n\n\n\n<p>Segundo Silas C\u00e2mara, a bancada n\u00e3o discutiu pautas espec\u00edficas com Motta, mas reiterou seus posicionamentos.<\/p>\n\n\n\n<p>\u2013 Todos conhecem nossas bandeiras. Somos contra o aborto \u2013 ressaltou.<\/p>\n\n\n\n<p>Nesta quarta, a Comiss\u00e3o de Constitui\u00e7\u00e3o e Justi\u00e7a (CCJ) deve analisar uma proposta que pro\u00edbe o aborto legal no pa\u00eds.<\/p>\n\n\n\n<p>\u2013 Com a nossa defer\u00eancia, com o nosso apoio, com o nosso di\u00e1logo permanente para que as pautas de interesse da Frente possam ser uma prioridade numa futura gest\u00e3o nossa \u00e0 frente da C\u00e2mara dos Deputados \u2013 disse Hugo Motta.<\/p>\n\n\n\n<p>O deputado paraibano tem o apoio de PL, PT, MDB, PP, Podemos, PCdoB, PV, PDT, PSB, PSDB, Cidadania, Solidariedade, Rede e PRD, al\u00e9m do pr\u00f3prio Republicanos, seu partido.<\/p>\n\n\n\n<p>Os l\u00edderes do PSD, Antonio Brito (BA), e do Uni\u00e3o Brasil, Elmar Nascimento (BA), tamb\u00e9m se lan\u00e7aram na disputa, mas seus partidos resolveram iniciar di\u00e1logo com Motta ap\u00f3s eles terem suas candidaturas esvaziadas.<\/p>\n\n\n\n<p>Elmar j\u00e1 foi considerado o favorito de Lira, mas a desist\u00eancia de Marcos Pereira (Republicanos-SP) abriu caminho para que o deputado alagoano apoiasse Motta. Elmar disse recentemente, em refer\u00eancia a Lira, que perdeu o melhor amigo.<\/p>\n\n\n\n<p>Em uma reuni\u00e3o duas semanas atr\u00e1s com integrantes de sua sigla, Elmar aceitou retirar sua candidatura depois de o partido negociar cargos na nova gest\u00e3o da C\u00e2mara. O l\u00edder do PDT, Afonso Motta (RS), por sua vez, confirmou no \u00faltimo dia 5 que os pedetistas foram comunicados da desist\u00eancia de Elmar, embora o l\u00edder do Uni\u00e3o tenha evitado fazer um an\u00fancio p\u00fablico.<\/p>\n\n\n\n<p>Brito, por sua vez, afirmou que o PSD negociar\u00e1 a manuten\u00e7\u00e3o da proporcionalidade do partido nos cargos da C\u00e2mara. Ap\u00f3s essa articula\u00e7\u00e3o com Motta, a bancada far\u00e1 uma nova reuni\u00e3o para deliberar se ele continuar\u00e1 ou n\u00e3o com a candidatura.<\/p>\n\n\n\n<p>O Uni\u00e3o fez uma s\u00e9rie de pedidos a Motta para apoi\u00e1-lo e deve ficar com a relatoria da Lei Or\u00e7ament\u00e1ria Anual (LOA) de 2026, que tramitar\u00e1 ano que vem. O PT, por sua vez, levar\u00e1 a relatoria da Lei de Diretrizes Or\u00e7ament\u00e1rias (LDO) de 2026.<\/p>\n\n\n\n<p>Dos cargos na Mesa Diretora, j\u00e1 est\u00e1 definido que a primeira vice-presid\u00eancia ficar\u00e1 com o PL. O Uni\u00e3o pediu a segunda vice. O PT, por sua vez, ficar\u00e1 com a primeira secretaria.<\/p>\n\n\n\n<p>*AE<\/p>\n","protected":false},"excerpt":{"rendered":"<p>O deputado Hugo Motta (Republicanos-PB) fechou alian\u00e7a na noite desta ter\u00e7a-feira (12) com a bancada evang\u00e9lica para disputar a presid\u00eancia da C\u00e2mara. O parlamentar, que tem a b\u00ean\u00e7\u00e3o do atual presidente da Casa, Arthur Lira (PP-AL), j\u00e1 conquistou o apoio de 15 partidos e contabiliza 385 votos, 128 a mais do que o necess\u00e1rio para [&hellip;]<\/p>\n","protected":false},"author":2,"featured_media":21037,"comment_status":"open","ping_status":"open","sticky":false,"template":"","format":"standard","meta":[],"categories":[8],"tags":[],"_links":{"self":[{"href":"https:\/\/dgospel.com.br\/portal\/index.php\/wp-json\/wp\/v2\/posts\/21036"}],"collection":[{"href":"https:\/\/dgospel.com.br\/portal\/index.php\/wp-json\/wp\/v2\/posts"}],"about":[{"href":"https:\/\/dgospel.com.br\/portal\/index.php\/wp-json\/wp\/v2\/types\/post"}],"author":[{"embeddable":true,"href":"https:\/\/dgospel.com.br\/portal\/index.php\/wp-json\/wp\/v2\/users\/2"}],"replies":[{"embeddable":true,"href":"https:\/\/dgospel.com.br\/portal\/index.php\/wp-json\/wp\/v2\/comments?post=21036"}],"version-history":[{"count":1,"href":"https:\/\/dgospel.com.br\/portal\/index.php\/wp-json\/wp\/v2\/posts\/21036\/revisions"}],"predecessor-version":[{"id":21038,"href":"https:\/\/dgospel.com.br\/portal\/index.php\/wp-json\/wp\/v2\/posts\/21036\/revisions\/21038"}],"wp:featuredmedia":[{"embeddable":true,"href":"https:\/\/dgospel.com.br\/portal\/index.php\/wp-json\/wp\/v2\/media\/21037"}],"wp:attachment":[{"href":"https:\/\/dgospel.com.br\/portal\/index.php\/wp-json\/wp\/v2\/media?parent=21036"}],"wp:term":[{"taxonomy":"category","embeddable":true,"href":"https:\/\/dgospel.com.br\/portal\/index.php\/wp-json\/wp\/v2\/categories?post=21036"},{"taxonomy":"post_tag","embeddable":true,"href":"https:\/\/dgospel.com.br\/portal\/index.php\/wp-json\/wp\/v2\/tags?post=21036"}],"curies":[{"name":"wp","href":"https:\/\/api.w.org\/{rel}","templated":true}]}}