{"id":21042,"date":"2024-11-13T11:36:20","date_gmt":"2024-11-13T14:36:20","guid":{"rendered":"https:\/\/dgospel.com.br\/portal\/?p=21042"},"modified":"2024-11-13T11:36:21","modified_gmt":"2024-11-13T14:36:21","slug":"governo-lula-gasta-mais-do-que-arrecada-e-eleva-o-deficit","status":"publish","type":"post","link":"https:\/\/dgospel.com.br\/portal\/index.php\/2024\/11\/13\/governo-lula-gasta-mais-do-que-arrecada-e-eleva-o-deficit\/","title":{"rendered":"Governo Lula gasta mais do que arrecada e eleva o d\u00e9ficit"},"content":{"rendered":"\n<p>Segundo dados do Tesouro Nacional, de janeiro a setembro deste ano, os gastos do governo Lula (PT) subiram em R$ 101,4 bilh\u00f5es em rela\u00e7\u00e3o ao mesmo per\u00edodo de 2023, enquanto a receita l\u00edquida teve um crescimento de R$ 94,2 bilh\u00f5es.<\/p>\n\n\n\n<p>A receita l\u00edquida, que exclui transfer\u00eancias a estados e munic\u00edpios, \u00e9 usada para calcular o resultado prim\u00e1rio do governo. Entre janeiro e setembro, o valor acumulado atingiu R$ 1,57 trilh\u00e3o, um recorde desde o in\u00edcio da s\u00e9rie hist\u00f3rica em 1997, representando uma alta de 6,4% em compara\u00e7\u00e3o a 2023. No entanto, os gastos cresceram 6,5% no mesmo per\u00edodo, o que levou a um d\u00e9ficit nas contas p\u00fablicas.<\/p>\n\n\n\n<p>O d\u00e9ficit prim\u00e1rio chegou a R$ 105,2 bilh\u00f5es at\u00e9 setembro de 2024, um aumento de 7,4% em rela\u00e7\u00e3o ao mesmo per\u00edodo de 2023, quando o d\u00e9ficit somou R$ 97,73 bilh\u00f5es. Esse resultado negativo s\u00f3 n\u00e3o foi ainda maior devido ao crescimento recorde da arrecada\u00e7\u00e3o l\u00edquida, conforme informou a Receita Federal.<\/p>\n\n\n\n<p>Dos R$ 101,4 bilh\u00f5es adicionais em gastos este ano, R$ 24,5 bilh\u00f5es foram destinados a benef\u00edcios previdenci\u00e1rios, o que representou cerca de 24,2% do aumento total das despesas. Outros gastos expressivos, como o Fundeb, abono salarial e seguro-desemprego, subiram R$ 22,4 bilh\u00f5es em 2024 em compara\u00e7\u00e3o a 2023.<\/p>\n\n\n\n<p>Os n\u00fameros mostram a necessidade de conter o avan\u00e7o das despesas obrigat\u00f3rias, diante deste cen\u00e1rio, o governo j\u00e1 se prepara para fazer ajustes em gastos em programas sociais importantes, como o Benef\u00edcio de Presta\u00e7\u00e3o Continuada (BPC), Fundeb, seguro-desemprego e abono salarial. As informa\u00e7\u00f5es s\u00e3o do Poder360.<\/p>\n","protected":false},"excerpt":{"rendered":"<p>Segundo dados do Tesouro Nacional, de janeiro a setembro deste ano, os gastos do governo Lula (PT) subiram em R$ 101,4 bilh\u00f5es em rela\u00e7\u00e3o ao mesmo per\u00edodo de 2023, enquanto a receita l\u00edquida teve um crescimento de R$ 94,2 bilh\u00f5es. A receita l\u00edquida, que exclui transfer\u00eancias a estados e munic\u00edpios, \u00e9 usada para calcular o [&hellip;]<\/p>\n","protected":false},"author":2,"featured_media":21043,"comment_status":"open","ping_status":"open","sticky":false,"template":"","format":"standard","meta":[],"categories":[4],"tags":[],"_links":{"self":[{"href":"https:\/\/dgospel.com.br\/portal\/index.php\/wp-json\/wp\/v2\/posts\/21042"}],"collection":[{"href":"https:\/\/dgospel.com.br\/portal\/index.php\/wp-json\/wp\/v2\/posts"}],"about":[{"href":"https:\/\/dgospel.com.br\/portal\/index.php\/wp-json\/wp\/v2\/types\/post"}],"author":[{"embeddable":true,"href":"https:\/\/dgospel.com.br\/portal\/index.php\/wp-json\/wp\/v2\/users\/2"}],"replies":[{"embeddable":true,"href":"https:\/\/dgospel.com.br\/portal\/index.php\/wp-json\/wp\/v2\/comments?post=21042"}],"version-history":[{"count":1,"href":"https:\/\/dgospel.com.br\/portal\/index.php\/wp-json\/wp\/v2\/posts\/21042\/revisions"}],"predecessor-version":[{"id":21044,"href":"https:\/\/dgospel.com.br\/portal\/index.php\/wp-json\/wp\/v2\/posts\/21042\/revisions\/21044"}],"wp:featuredmedia":[{"embeddable":true,"href":"https:\/\/dgospel.com.br\/portal\/index.php\/wp-json\/wp\/v2\/media\/21043"}],"wp:attachment":[{"href":"https:\/\/dgospel.com.br\/portal\/index.php\/wp-json\/wp\/v2\/media?parent=21042"}],"wp:term":[{"taxonomy":"category","embeddable":true,"href":"https:\/\/dgospel.com.br\/portal\/index.php\/wp-json\/wp\/v2\/categories?post=21042"},{"taxonomy":"post_tag","embeddable":true,"href":"https:\/\/dgospel.com.br\/portal\/index.php\/wp-json\/wp\/v2\/tags?post=21042"}],"curies":[{"name":"wp","href":"https:\/\/api.w.org\/{rel}","templated":true}]}}