{"id":21051,"date":"2024-11-13T11:59:23","date_gmt":"2024-11-13T14:59:23","guid":{"rendered":"https:\/\/dgospel.com.br\/portal\/?p=21051"},"modified":"2024-11-13T11:59:23","modified_gmt":"2024-11-13T14:59:23","slug":"governo-lula-alcanca-recorde-de-desperdicio-de-vacinas-com-perdas-de-r-175-bilhao-entre-2023-e-2024","status":"publish","type":"post","link":"https:\/\/dgospel.com.br\/portal\/index.php\/2024\/11\/13\/governo-lula-alcanca-recorde-de-desperdicio-de-vacinas-com-perdas-de-r-175-bilhao-entre-2023-e-2024\/","title":{"rendered":"Governo Lula Alcan\u00e7a Recorde de Desperd\u00edcio de Vacinas com Perdas de R$ 1,75 Bilh\u00e3o entre 2023 e 2024"},"content":{"rendered":"\n<p>Ap\u00f3s quase dois anos de governo, a administra\u00e7\u00e3o de Luiz In\u00e1cio Lula da Silva (PT) enfrenta cr\u00edticas devido ao alto desperd\u00edcio de vacinas, estimado em 58,7 milh\u00f5es de doses de imunizantes descartadas. Esse volume representa um aumento de 22% em rela\u00e7\u00e3o \u00e0s perdas totais durante o governo de Jair Bolsonaro (PL). Segundo levantamento de&nbsp;<em>O Globo<\/em>, o preju\u00edzo com vacinas inutilizadas nos \u00faltimos dois anos chegou a R$ 1,75 bilh\u00e3o, sendo a maior parte, R$ 1,17 bilh\u00e3o, registrada em 2023, com 39,8 milh\u00f5es de doses desperdi\u00e7adas.<\/p>\n\n\n\n<p>Os dados, fornecidos pelo Minist\u00e9rio da Sa\u00fade, mostram que, at\u00e9 o momento, em 2024, o descarte de vacinas atingiu 18,8 milh\u00f5es de doses, com um custo de R$ 560,6 milh\u00f5es. Desde a posse de Lula, 385 milh\u00f5es de doses foram descartadas, volume que representa 176% a mais do que as 217 milh\u00f5es de doses aplicadas no mesmo per\u00edodo. A maioria das vacinas descartadas, cerca de 75%, corresponde a imunizantes contra a Covid-19, enquanto apenas 19,38% da popula\u00e7\u00e3o tomou a segunda dose de refor\u00e7o recomendada.<\/p>\n\n\n\n<p>Al\u00e9m dos imunizantes contra a Covid-19, outras vacinas importantes tamb\u00e9m foram descartadas em menores quantidades, como as contra difteria, t\u00e9tano, coqueluche (DTP), febre amarela e meningite. Em resposta, o Minist\u00e9rio da Sa\u00fade atribuiu parte das perdas a estoques de vacinas adquiridos pela gest\u00e3o anterior e a um cen\u00e1rio de desinforma\u00e7\u00e3o que teria minado a confian\u00e7a da popula\u00e7\u00e3o nos imunizantes.<\/p>\n\n\n\n<p>\u201cA gest\u00e3o anterior deixou estoques elevados de vacinas contra a Covid-19, o que gerou vencimentos em 2023. Al\u00e9m disso, campanhas sistem\u00e1ticas de desinforma\u00e7\u00e3o prejudicaram a ades\u00e3o da popula\u00e7\u00e3o\u201d, alegou a pasta ao jornal. Segundo o governo, o volume de vacinas vencidas j\u00e1 representa o maior desperd\u00edcio registrado em uma administra\u00e7\u00e3o desde o segundo mandato de Lula, que acumulou perdas de R$ 1,96 bilh\u00e3o em vacinas expiradas.<\/p>\n","protected":false},"excerpt":{"rendered":"<p>Ap\u00f3s quase dois anos de governo, a administra\u00e7\u00e3o de Luiz In\u00e1cio Lula da Silva (PT) enfrenta cr\u00edticas devido ao alto desperd\u00edcio de vacinas, estimado em 58,7 milh\u00f5es de doses de imunizantes descartadas. Esse volume representa um aumento de 22% em rela\u00e7\u00e3o \u00e0s perdas totais durante o governo de Jair Bolsonaro (PL). Segundo levantamento de&nbsp;O Globo, [&hellip;]<\/p>\n","protected":false},"author":2,"featured_media":21052,"comment_status":"open","ping_status":"open","sticky":false,"template":"","format":"standard","meta":[],"categories":[4],"tags":[13],"_links":{"self":[{"href":"https:\/\/dgospel.com.br\/portal\/index.php\/wp-json\/wp\/v2\/posts\/21051"}],"collection":[{"href":"https:\/\/dgospel.com.br\/portal\/index.php\/wp-json\/wp\/v2\/posts"}],"about":[{"href":"https:\/\/dgospel.com.br\/portal\/index.php\/wp-json\/wp\/v2\/types\/post"}],"author":[{"embeddable":true,"href":"https:\/\/dgospel.com.br\/portal\/index.php\/wp-json\/wp\/v2\/users\/2"}],"replies":[{"embeddable":true,"href":"https:\/\/dgospel.com.br\/portal\/index.php\/wp-json\/wp\/v2\/comments?post=21051"}],"version-history":[{"count":1,"href":"https:\/\/dgospel.com.br\/portal\/index.php\/wp-json\/wp\/v2\/posts\/21051\/revisions"}],"predecessor-version":[{"id":21053,"href":"https:\/\/dgospel.com.br\/portal\/index.php\/wp-json\/wp\/v2\/posts\/21051\/revisions\/21053"}],"wp:featuredmedia":[{"embeddable":true,"href":"https:\/\/dgospel.com.br\/portal\/index.php\/wp-json\/wp\/v2\/media\/21052"}],"wp:attachment":[{"href":"https:\/\/dgospel.com.br\/portal\/index.php\/wp-json\/wp\/v2\/media?parent=21051"}],"wp:term":[{"taxonomy":"category","embeddable":true,"href":"https:\/\/dgospel.com.br\/portal\/index.php\/wp-json\/wp\/v2\/categories?post=21051"},{"taxonomy":"post_tag","embeddable":true,"href":"https:\/\/dgospel.com.br\/portal\/index.php\/wp-json\/wp\/v2\/tags?post=21051"}],"curies":[{"name":"wp","href":"https:\/\/api.w.org\/{rel}","templated":true}]}}