{"id":21054,"date":"2024-11-13T12:07:35","date_gmt":"2024-11-13T15:07:35","guid":{"rendered":"https:\/\/dgospel.com.br\/portal\/?p=21054"},"modified":"2024-11-13T12:07:36","modified_gmt":"2024-11-13T15:07:36","slug":"avaliacao-do-governo-lula-insatisfacao-aumenta-e-avaliacao-negativa-atinge-recorde","status":"publish","type":"post","link":"https:\/\/dgospel.com.br\/portal\/index.php\/2024\/11\/13\/avaliacao-do-governo-lula-insatisfacao-aumenta-e-avaliacao-negativa-atinge-recorde\/","title":{"rendered":"Avalia\u00e7\u00e3o do Governo Lula: Insatisfa\u00e7\u00e3o aumenta e avalia\u00e7\u00e3o negativa atinge recorde"},"content":{"rendered":"\n<p>Uma nova pesquisa realizada pela Confedera\u00e7\u00e3o Nacional do Transporte (CNT) em parceria com o Instituto MDA, indica uma queda significativa na aprova\u00e7\u00e3o do governo do presidente Luiz In\u00e1cio Lula da Silva. Conforme os dados coletados entre 7 e 10 de novembro com 2.002 entrevistados, 35,5% dos brasileiros consideram a gest\u00e3o Lula \u201c\u00f3tima\u201d ou \u201cboa\u201d, representando uma redu\u00e7\u00e3o de 8 pontos percentuais desde o in\u00edcio do ano, quando o \u00edndice de aprova\u00e7\u00e3o era de 42,7%.<\/p>\n\n\n\n<p>Desde a posse, o terceiro mandato de Lula vem registrando uma tend\u00eancia de queda na aprova\u00e7\u00e3o. Em maio, o \u00edndice positivo j\u00e1 havia recuado para 37,4%, chegando agora a 35,5%, o menor patamar desde o in\u00edcio do mandato. A pesquisa, realizada de forma presencial, possui uma margem de erro de 2,2 pontos percentuais e um n\u00edvel de confian\u00e7a de 95%.<\/p>\n\n\n\n<p>Paralelamente \u00e0 queda na aprova\u00e7\u00e3o, aumentou o n\u00famero de brasileiros insatisfeitos com a administra\u00e7\u00e3o petista. Atualmente, 30,8% dos entrevistados classificam o governo como \u201cruim\u201d ou \u201cp\u00e9ssimo\u201d, o maior \u00edndice registrado nesta s\u00e9rie hist\u00f3rica. Outros 32,1% consideram o governo \u201cregular\u201d, enquanto 1,6% dos participantes n\u00e3o souberam ou preferiram n\u00e3o responder.<\/p>\n\n\n\n<p>A pesquisa tamb\u00e9m detalhou as classifica\u00e7\u00f5es espec\u00edficas dos participantes sobre o governo Lula:<\/p>\n\n\n\n<ul><li><strong>\u00d3timo:<\/strong>&nbsp;12,2%<\/li><li><strong>Bom:<\/strong>&nbsp;23,3%<\/li><li><strong>Regular:<\/strong>&nbsp;32,1%<\/li><li><strong>Ruim:<\/strong>&nbsp;9,4%<\/li><li><strong>P\u00e9ssimo:<\/strong>&nbsp;21,4%<\/li><li><strong>N\u00e3o sabe\/N\u00e3o respondeu:<\/strong>&nbsp;1,6%<\/li><\/ul>\n\n\n\n<p>Os resultados refletem um cen\u00e1rio desafiador para o presidente, que enfrenta uma percep\u00e7\u00e3o p\u00fablica cada vez mais cr\u00edtica.<\/p>\n","protected":false},"excerpt":{"rendered":"<p>Uma nova pesquisa realizada pela Confedera\u00e7\u00e3o Nacional do Transporte (CNT) em parceria com o Instituto MDA, indica uma queda significativa na aprova\u00e7\u00e3o do governo do presidente Luiz In\u00e1cio Lula da Silva. Conforme os dados coletados entre 7 e 10 de novembro com 2.002 entrevistados, 35,5% dos brasileiros consideram a gest\u00e3o Lula \u201c\u00f3tima\u201d ou \u201cboa\u201d, representando [&hellip;]<\/p>\n","protected":false},"author":2,"featured_media":21055,"comment_status":"open","ping_status":"open","sticky":false,"template":"","format":"standard","meta":[],"categories":[4],"tags":[],"_links":{"self":[{"href":"https:\/\/dgospel.com.br\/portal\/index.php\/wp-json\/wp\/v2\/posts\/21054"}],"collection":[{"href":"https:\/\/dgospel.com.br\/portal\/index.php\/wp-json\/wp\/v2\/posts"}],"about":[{"href":"https:\/\/dgospel.com.br\/portal\/index.php\/wp-json\/wp\/v2\/types\/post"}],"author":[{"embeddable":true,"href":"https:\/\/dgospel.com.br\/portal\/index.php\/wp-json\/wp\/v2\/users\/2"}],"replies":[{"embeddable":true,"href":"https:\/\/dgospel.com.br\/portal\/index.php\/wp-json\/wp\/v2\/comments?post=21054"}],"version-history":[{"count":1,"href":"https:\/\/dgospel.com.br\/portal\/index.php\/wp-json\/wp\/v2\/posts\/21054\/revisions"}],"predecessor-version":[{"id":21056,"href":"https:\/\/dgospel.com.br\/portal\/index.php\/wp-json\/wp\/v2\/posts\/21054\/revisions\/21056"}],"wp:featuredmedia":[{"embeddable":true,"href":"https:\/\/dgospel.com.br\/portal\/index.php\/wp-json\/wp\/v2\/media\/21055"}],"wp:attachment":[{"href":"https:\/\/dgospel.com.br\/portal\/index.php\/wp-json\/wp\/v2\/media?parent=21054"}],"wp:term":[{"taxonomy":"category","embeddable":true,"href":"https:\/\/dgospel.com.br\/portal\/index.php\/wp-json\/wp\/v2\/categories?post=21054"},{"taxonomy":"post_tag","embeddable":true,"href":"https:\/\/dgospel.com.br\/portal\/index.php\/wp-json\/wp\/v2\/tags?post=21054"}],"curies":[{"name":"wp","href":"https:\/\/api.w.org\/{rel}","templated":true}]}}