{"id":21057,"date":"2024-11-13T16:30:46","date_gmt":"2024-11-13T19:30:46","guid":{"rendered":"https:\/\/dgospel.com.br\/portal\/?p=21057"},"modified":"2024-11-13T16:30:47","modified_gmt":"2024-11-13T19:30:47","slug":"lula-3-ja-perdeu-22-mais-vacinas-que-em-toda-gestao-bolsonaro","status":"publish","type":"post","link":"https:\/\/dgospel.com.br\/portal\/index.php\/2024\/11\/13\/lula-3-ja-perdeu-22-mais-vacinas-que-em-toda-gestao-bolsonaro\/","title":{"rendered":"Lula 3 j\u00e1 perdeu 22% mais vacinas que em toda gest\u00e3o Bolsonaro"},"content":{"rendered":"\n<p>Dados do Minist\u00e9rio da Sa\u00fade obtidos via Lei de Acesso de Informa\u00e7\u00e3o apontam que o governo do presidente Luiz In\u00e1cio Lula da Silva (PT) deixou 58,7 milh\u00f5es de vacinas perderem o prazo de validade, entre 2023 e este ano. Esse n\u00famero \u00e9 22% maior que toda a quantidade de imunizantes descartada nos quatro anos do governo Jair Bolsonaro (PL). Na gest\u00e3o do l\u00edder conservador, foram 48,2 milh\u00f5es de imunizantes vencidos.<\/p>\n\n\n\n<p>De acordo com informa\u00e7\u00f5es do jornal O Globo, que obteve as informa\u00e7\u00f5es, como cada ampola perdida continha mais de uma dose, foram 385 milh\u00f5es de aplica\u00e7\u00f5es perdidas, n\u00famero maior do que as que foram aplicadas na popula\u00e7\u00e3o: 217 milh\u00f5es.<\/p>\n\n\n\n<p>Os dados indicam ainda que o preju\u00edzo em decorr\u00eancia do caso atingiu R$ 1,75 bilh\u00e3o. Trata-se de um recorde desde o segundo mandato (2007-2010) de Lula, quando o valor acumulado nos quatro anos de governo foi de R$ 1,96 bilh\u00e3o perdido. A t\u00edtulo de compara\u00e7\u00e3o, com R$ 1,75 bilh\u00e3o, o governo poderia ter comprado 6 mil ambul\u00e2ncias para o Samu (Servi\u00e7o de Atendimento M\u00f3vel de Urg\u00eancia) ou 101 milh\u00f5es de canetas de insulina, que estavam em falta nos postos de sa\u00fade no primeiro semestre de 2024.<\/p>\n\n\n\n<p>Em nota, o Minist\u00e9rio da Sa\u00fade disse ter inovado no processo de distribui\u00e7\u00e3o das vacinas a fim de evitar novos desperd\u00edcios. Uma das medidas ser\u00e1 adotar a entrega parcelada de vacinas por parte do laborat\u00f3rio que for contratado, por exemplo. A pasta tamb\u00e9m jogou parte da responsabilidade para o governo anterior, alegando que a nova gest\u00e3o herdou estoques pr\u00f3ximos do fim da validade e \u201ccampanhas sistem\u00e1ticas de desinforma\u00e7\u00e3o\u201d sobre as vacinas.<\/p>\n\n\n\n<p>Entre os imunizantes descartados na gest\u00e3o Lula, tr\u00eas em cada quatro eram contra a Covid-19. Tamb\u00e9m havia ampolas contra o DTP (difteria, t\u00e9tano e coqueluche), febre amarela e meningoc\u00f3cica.<\/p>\n","protected":false},"excerpt":{"rendered":"<p>Dados do Minist\u00e9rio da Sa\u00fade obtidos via Lei de Acesso de Informa\u00e7\u00e3o apontam que o governo do presidente Luiz In\u00e1cio Lula da Silva (PT) deixou 58,7 milh\u00f5es de vacinas perderem o prazo de validade, entre 2023 e este ano. Esse n\u00famero \u00e9 22% maior que toda a quantidade de imunizantes descartada nos quatro anos do [&hellip;]<\/p>\n","protected":false},"author":2,"featured_media":21058,"comment_status":"open","ping_status":"open","sticky":false,"template":"","format":"standard","meta":[],"categories":[10],"tags":[],"_links":{"self":[{"href":"https:\/\/dgospel.com.br\/portal\/index.php\/wp-json\/wp\/v2\/posts\/21057"}],"collection":[{"href":"https:\/\/dgospel.com.br\/portal\/index.php\/wp-json\/wp\/v2\/posts"}],"about":[{"href":"https:\/\/dgospel.com.br\/portal\/index.php\/wp-json\/wp\/v2\/types\/post"}],"author":[{"embeddable":true,"href":"https:\/\/dgospel.com.br\/portal\/index.php\/wp-json\/wp\/v2\/users\/2"}],"replies":[{"embeddable":true,"href":"https:\/\/dgospel.com.br\/portal\/index.php\/wp-json\/wp\/v2\/comments?post=21057"}],"version-history":[{"count":1,"href":"https:\/\/dgospel.com.br\/portal\/index.php\/wp-json\/wp\/v2\/posts\/21057\/revisions"}],"predecessor-version":[{"id":21059,"href":"https:\/\/dgospel.com.br\/portal\/index.php\/wp-json\/wp\/v2\/posts\/21057\/revisions\/21059"}],"wp:featuredmedia":[{"embeddable":true,"href":"https:\/\/dgospel.com.br\/portal\/index.php\/wp-json\/wp\/v2\/media\/21058"}],"wp:attachment":[{"href":"https:\/\/dgospel.com.br\/portal\/index.php\/wp-json\/wp\/v2\/media?parent=21057"}],"wp:term":[{"taxonomy":"category","embeddable":true,"href":"https:\/\/dgospel.com.br\/portal\/index.php\/wp-json\/wp\/v2\/categories?post=21057"},{"taxonomy":"post_tag","embeddable":true,"href":"https:\/\/dgospel.com.br\/portal\/index.php\/wp-json\/wp\/v2\/tags?post=21057"}],"curies":[{"name":"wp","href":"https:\/\/api.w.org\/{rel}","templated":true}]}}