{"id":2106,"date":"2018-12-19T18:09:56","date_gmt":"2018-12-19T20:09:56","guid":{"rendered":"http:\/\/dgospel.com.br\/portal\/?p=2106"},"modified":"2018-12-19T18:09:56","modified_gmt":"2018-12-19T20:09:56","slug":"governo-capacita-240-detentos-em-curso-de-fabricacao-de-artefatos-e-blocos-de-concreto","status":"publish","type":"post","link":"https:\/\/dgospel.com.br\/portal\/index.php\/2018\/12\/19\/governo-capacita-240-detentos-em-curso-de-fabricacao-de-artefatos-e-blocos-de-concreto\/","title":{"rendered":"Governo capacita 240 detentos em curso de fabrica\u00e7\u00e3o de artefatos e blocos de concreto"},"content":{"rendered":"<p>O Curso Profissionalizante de Artefatos e Blocos de Concreto j\u00e1 capacitou 240 detentos do Tocantins\u00a0em 2018. Oportunizar capacita\u00e7\u00e3o, trabalho e renda \u00e9\u00a0recomenda\u00e7\u00e3o\u00a0da Lei de Execu\u00e7\u00e3o Penal (LEP) na forma de garantia de direitos. O curso \u00e9 oferecido pela Secretaria de Estado da Cidadania e Justi\u00e7a (Seciju), por meio da Diretoria de Pol\u00edticas para o Sistema Prisional, fruto de um conv\u00eanio com o governo federal, por meio do Departamento Penitenci\u00e1rio Nacional (Depen). Al\u00e9m da forma\u00e7\u00e3o, a Secretaria inaugurou tr\u00eas f\u00e1bricas do mesmo nicho em estabelecimentos penais do Tocantins.<\/p>\n<p>Primeiramente, o curso \u00e9 ofertado nas unidades prisionais e, em seguida, instaladas as f\u00e1bricas. As tr\u00eas j\u00e1 inauguradas est\u00e3o no\u00a0Centro de Forma\u00e7\u00e3o Profissional do Preso e do Egresso, em Palmas, na Casa de Pris\u00e3o Provis\u00f3ria de Para\u00edso e na Casa de Pris\u00e3o Provis\u00f3ria de Porto Nacional. A pr\u00f3xima f\u00e1brica ser\u00e1 inaugurada na Cadeia P\u00fablica de Guara\u00ed em 2019, que finalizou o curso no \u00faltimo dia 14. Segundo o diretor de Pol\u00edticas para o Sistema Prisional, Os\u00e9ias Costa R\u00eago, ao todo ser\u00e3o oito f\u00e1bricas, com previs\u00e3o de entrega das \u00faltimas cinco no primeiro semestre do pr\u00f3ximo ano.<\/p>\n<p>O curso tem carga hor\u00e1ria de 160 horas\/aulas e \u00e9 ofertado em m\u00f3dulos para turmas de at\u00e9 30 alunos. Cada unidade prisional seleciona 60 reeducandos pelo crit\u00e9rio de bom comportamento e mediante interesse pela capacita\u00e7\u00e3o ofertada. \u201cO intuito \u00e9 ofertar forma\u00e7\u00e3o, qualifica\u00e7\u00e3o profissional, empregabilidade, remiss\u00e3o de pena e fonte de renda para as pessoas privadas de liberdade. Essas condi\u00e7\u00f5es dignificam o preso e possibilitam novas alternativas que n\u00e3o sejam a reincid\u00eancia no crime\u201d, afirma Os\u00e9ias.<\/p>\n<p><strong>Possibilidade de mudan\u00e7a<\/strong><\/p>\n<p>O interno J.S.B., de 29 anos, participou da primeira turma do curso profissionalizante em Para\u00edso do Tocantins. \u201cFoi muito bom participar, porque eu acredito que esse curso \u00e9 muito importante para nossa ressocializa\u00e7\u00e3o, pois vai ajudar a gente a conseguir um emprego l\u00e1 fora. Tamb\u00e9m acredito que as pessoas possam mudar. Ent\u00e3o, esse projeto que est\u00e1 acontecendo aqui\u00a0foi importante para minha forma\u00e7\u00e3o profissional e dos outros colegas que participaram\u201d, relata.<\/p>\n<p>Com a inaugura\u00e7\u00e3o da f\u00e1brica em Guara\u00ed, o diretor da unidade, Anderson Miranda, se articula para melhorar as estruturas f\u00edsicas da unidade. \u201cO nosso projeto \u00e9 montar aqui algo que possibilite a gera\u00e7\u00e3o de renda para os reeducandos e tamb\u00e9m a manuten\u00e7\u00e3o da pr\u00f3pria unidade prisional. No momento, estamos construindo um muro. Compramos o material e os reeducandos est\u00e3o ajudando em tudo. Quando estivermos com a f\u00e1brica, vamos produzir esse material de constru\u00e7\u00e3o aqui mesmo na unidade\u201d, disse Anderson Miranda.<\/p>\n<p>Para Anderson Miranda,\u00a0o Sistema Penitenci\u00e1rio e Prisional est\u00e1 cumprindo seu dever plenamente. \u201cSe o reeducando, ao t\u00e9rmino de sua pena, quiser seguir uma vida digna, temos a consci\u00eancia tranquila de que fizemos nossa parte\u201d, disse o diretor da unidade.<\/p>\n","protected":false},"excerpt":{"rendered":"<p>O Curso Profissionalizante de Artefatos e Blocos de Concreto j\u00e1 capacitou 240 detentos do Tocantins\u00a0em 2018. Oportunizar capacita\u00e7\u00e3o, trabalho e renda \u00e9\u00a0recomenda\u00e7\u00e3o\u00a0da Lei de Execu\u00e7\u00e3o Penal (LEP) na forma de garantia de direitos. O curso \u00e9 oferecido pela Secretaria de Estado da Cidadania e Justi\u00e7a (Seciju), por meio da Diretoria de Pol\u00edticas para o Sistema [&hellip;]<\/p>\n","protected":false},"author":2,"featured_media":2107,"comment_status":"open","ping_status":"open","sticky":false,"template":"","format":"standard","meta":[],"categories":[2,3],"tags":[],"_links":{"self":[{"href":"https:\/\/dgospel.com.br\/portal\/index.php\/wp-json\/wp\/v2\/posts\/2106"}],"collection":[{"href":"https:\/\/dgospel.com.br\/portal\/index.php\/wp-json\/wp\/v2\/posts"}],"about":[{"href":"https:\/\/dgospel.com.br\/portal\/index.php\/wp-json\/wp\/v2\/types\/post"}],"author":[{"embeddable":true,"href":"https:\/\/dgospel.com.br\/portal\/index.php\/wp-json\/wp\/v2\/users\/2"}],"replies":[{"embeddable":true,"href":"https:\/\/dgospel.com.br\/portal\/index.php\/wp-json\/wp\/v2\/comments?post=2106"}],"version-history":[{"count":1,"href":"https:\/\/dgospel.com.br\/portal\/index.php\/wp-json\/wp\/v2\/posts\/2106\/revisions"}],"predecessor-version":[{"id":2108,"href":"https:\/\/dgospel.com.br\/portal\/index.php\/wp-json\/wp\/v2\/posts\/2106\/revisions\/2108"}],"wp:featuredmedia":[{"embeddable":true,"href":"https:\/\/dgospel.com.br\/portal\/index.php\/wp-json\/wp\/v2\/media\/2107"}],"wp:attachment":[{"href":"https:\/\/dgospel.com.br\/portal\/index.php\/wp-json\/wp\/v2\/media?parent=2106"}],"wp:term":[{"taxonomy":"category","embeddable":true,"href":"https:\/\/dgospel.com.br\/portal\/index.php\/wp-json\/wp\/v2\/categories?post=2106"},{"taxonomy":"post_tag","embeddable":true,"href":"https:\/\/dgospel.com.br\/portal\/index.php\/wp-json\/wp\/v2\/tags?post=2106"}],"curies":[{"name":"wp","href":"https:\/\/api.w.org\/{rel}","templated":true}]}}