{"id":21060,"date":"2024-11-14T23:39:26","date_gmt":"2024-11-15T02:39:26","guid":{"rendered":"https:\/\/dgospel.com.br\/portal\/?p=21060"},"modified":"2024-11-14T23:39:26","modified_gmt":"2024-11-15T02:39:26","slug":"deputado-gipao-enaltece-araguainenses-no-aniversario-de-66-anos-da-cidade","status":"publish","type":"post","link":"https:\/\/dgospel.com.br\/portal\/index.php\/2024\/11\/14\/deputado-gipao-enaltece-araguainenses-no-aniversario-de-66-anos-da-cidade\/","title":{"rendered":"Deputado Gip\u00e3o enaltece araguainenses no anivers\u00e1rio de 66 anos da cidade"},"content":{"rendered":"\n<p>Nesta quinta-feira (14), o deputado estadual Gip\u00e3o celebrou, em suas redes sociais, os 66 anos de emancipa\u00e7\u00e3o pol\u00edtica do munic\u00edpio de Aragua\u00edna.<\/p>\n\n\n\n<p>O parlamentar destacou a cidade como importante polo econ\u00f4mico do estado classificando-a como centro estrat\u00e9gico em diversas \u00e1reas, como: educa\u00e7\u00e3o, pecu\u00e1ria e agricultura familiar.<\/p>\n\n\n\n<p>Gip\u00e3o tamb\u00e9m frisou que a cidade \u00e9 fruto de intensa migra\u00e7\u00e3o o que, segundo ele, acelerou seu desenvolvimento. \u201cAragua\u00edna \u00e9 um solo promissor com peculiaridades not\u00e1veis. Celebrar mais um anivers\u00e1rio da nossa Capital do Boi Gordo, \u00e9 um grande privil\u00e9gio. A cidade \u00e9 o ber\u00e7o da realiza\u00e7\u00e3o de muitos sonhos, dos quais compartilhamos, quando ainda vereador deste munic\u00edpio.\u201d destacou.<\/p>\n\n\n\n<p>O deputado ainda citou o Parque Cimba, Via Lago, Hospital Municipal, Centro de Canoagem, o transporte escolar, o bilhete \u00fanico no transporte coletivo a climatiza\u00e7\u00e3o das escolas municipais, obras e projetos foram realizados atrav\u00e9s de sua atua\u00e7\u00e3o na C\u00e2mara municipal.<\/p>\n\n\n\n<p>O deputado finalizou agradecendo e parabenizando a contribui\u00e7\u00e3o popular na constru\u00e7\u00e3o da hist\u00f3ria de Aragua\u00edna.<\/p>\n\n\n\n<p>\u201cA todos os que constroem essa linda hist\u00f3ria, exercendo seu papel de cidad\u00e3o, sejam jovens, trabalhadores, pais de fam\u00edlia, mulheres; nosso reconhecimento e felicita\u00e7\u00f5es, porque voc\u00ea \u00e9 Aragua\u00edna, n\u00f3s somos esta cidade, e as belas paisagens que a embelezam s\u00e3o apenas a demonstra\u00e7\u00e3o dessa popula\u00e7\u00e3o incr\u00edvel\u201d, declarou o parlamentar.<\/p>\n","protected":false},"excerpt":{"rendered":"<p>Nesta quinta-feira (14), o deputado estadual Gip\u00e3o celebrou, em suas redes sociais, os 66 anos de emancipa\u00e7\u00e3o pol\u00edtica do munic\u00edpio de Aragua\u00edna. O parlamentar destacou a cidade como importante polo econ\u00f4mico do estado classificando-a como centro estrat\u00e9gico em diversas \u00e1reas, como: educa\u00e7\u00e3o, pecu\u00e1ria e agricultura familiar. Gip\u00e3o tamb\u00e9m frisou que a cidade \u00e9 fruto de [&hellip;]<\/p>\n","protected":false},"author":2,"featured_media":21061,"comment_status":"open","ping_status":"open","sticky":false,"template":"","format":"standard","meta":[],"categories":[8],"tags":[],"_links":{"self":[{"href":"https:\/\/dgospel.com.br\/portal\/index.php\/wp-json\/wp\/v2\/posts\/21060"}],"collection":[{"href":"https:\/\/dgospel.com.br\/portal\/index.php\/wp-json\/wp\/v2\/posts"}],"about":[{"href":"https:\/\/dgospel.com.br\/portal\/index.php\/wp-json\/wp\/v2\/types\/post"}],"author":[{"embeddable":true,"href":"https:\/\/dgospel.com.br\/portal\/index.php\/wp-json\/wp\/v2\/users\/2"}],"replies":[{"embeddable":true,"href":"https:\/\/dgospel.com.br\/portal\/index.php\/wp-json\/wp\/v2\/comments?post=21060"}],"version-history":[{"count":1,"href":"https:\/\/dgospel.com.br\/portal\/index.php\/wp-json\/wp\/v2\/posts\/21060\/revisions"}],"predecessor-version":[{"id":21062,"href":"https:\/\/dgospel.com.br\/portal\/index.php\/wp-json\/wp\/v2\/posts\/21060\/revisions\/21062"}],"wp:featuredmedia":[{"embeddable":true,"href":"https:\/\/dgospel.com.br\/portal\/index.php\/wp-json\/wp\/v2\/media\/21061"}],"wp:attachment":[{"href":"https:\/\/dgospel.com.br\/portal\/index.php\/wp-json\/wp\/v2\/media?parent=21060"}],"wp:term":[{"taxonomy":"category","embeddable":true,"href":"https:\/\/dgospel.com.br\/portal\/index.php\/wp-json\/wp\/v2\/categories?post=21060"},{"taxonomy":"post_tag","embeddable":true,"href":"https:\/\/dgospel.com.br\/portal\/index.php\/wp-json\/wp\/v2\/tags?post=21060"}],"curies":[{"name":"wp","href":"https:\/\/api.w.org\/{rel}","templated":true}]}}