{"id":21068,"date":"2024-11-18T16:24:30","date_gmt":"2024-11-18T19:24:30","guid":{"rendered":"https:\/\/dgospel.com.br\/portal\/?p=21068"},"modified":"2024-11-18T16:24:31","modified_gmt":"2024-11-18T19:24:31","slug":"cristaos-louvam-de-joelhos-em-praca-da-holanda-que-foi-palco-de-ataques-a-judeus","status":"publish","type":"post","link":"https:\/\/dgospel.com.br\/portal\/index.php\/2024\/11\/18\/cristaos-louvam-de-joelhos-em-praca-da-holanda-que-foi-palco-de-ataques-a-judeus\/","title":{"rendered":"Crist\u00e3os louvam de joelhos em pra\u00e7a da Holanda que foi palco de ataques a judeus"},"content":{"rendered":"\n<p>Ap\u00f3s semanas turbulentas em Amsterd\u00e3, na Holanda, com ataques a judeus e manifesta\u00e7\u00f5es antissemitas, um grupo de crist\u00e3os se reuniu na Pra\u00e7a Dam para louvar a Deus e orar por paz, na \u00faltima quinta-feira (14), segundo a&nbsp;<a href=\"https:\/\/revive.nl\/terugkijken-indrukwekkende-aanbidding-op-conflictgebied-de-dam-in-amsterdam\/\" target=\"_blank\" rel=\"noreferrer noopener\"><strong>Revive<\/strong><\/a>.<\/p>\n\n\n\n<p>A pra\u00e7a, que foi palco de viol\u00eancia dias atr\u00e1s, se tornou um altar de adora\u00e7\u00e3o ao Senhor. O evento foi organizado pelas miss\u00f5es Good News Truck e a Presence Foundation.&nbsp;<\/p>\n\n\n\n<p>&#8220;Depois de uma semana de caos, o amor de Jesus \u00e9 vis\u00edvel hoje&#8221;, afirmou a Presence, em uma postagem no Instagram.<\/p>\n\n\n\n<p>No evento, Wim Hoddenbagh, da Presence, agradeceu pela miseric\u00f3rdia e paci\u00eancia de Deus com a humanidade.<\/p>\n\n\n\n<p>\u201cSomos muito gratos pela paci\u00eancia de Deus conosco e com o mundo. Quando penso na paci\u00eancia de Deus conosco e leio o Antigo e o Novo Testamento, penso: \u2018Voc\u00ea teve tanta paci\u00eancia com o seu povo\u2019. Isso \u00e9 uma garantia de que Deus tamb\u00e9m \u00e9 paciente conosco\u201d, afirmou.<\/p>\n\n\n\n<p>Ajoelhados na pra\u00e7a, os crist\u00e3os adoraram e oraram ao Senhor, pedindo paz na Holanda.<\/p>\n\n\n\n<p>&#8220;\u00c9 bom estar aqui neste lugar. J\u00e1 estivemos aqui muitas vezes, mas nunca antes de uma semana depois de coisas terr\u00edveis terem acontecido aqui. Pedimos a todos que orem por este lugar, onde h\u00e1 paz neste momento\u201d, disse Wim.<\/p>\n\n\n\n<p><strong>Onda de viol\u00eancia antissemita<\/strong><\/p>\n\n\n\n<p>Tr\u00eas dias antes do evento de adora\u00e7\u00e3o, na noite de segunda-feira (11),<a href=\"https:\/\/guiame.com.br\/gospel\/israel\/manifestantes-ateiam-fogo-em-bonde-e-gritam-judeus-sao-um-cancer-em-amsterda.html\"><strong>&nbsp;manifestantes incendiaram<\/strong><\/a>&nbsp;um bonde em Amsterd\u00e3 e gritaram slogans antissemitas como &#8220;judeus s\u00e3o um c\u00e2ncer&#8221;.<\/p>\n\n\n\n<p>A pol\u00edcia de Amsterd\u00e3 prendeu v\u00e1rios suspeitos ap\u00f3s um confronto violento entre manifestantes e policiais.&nbsp;<\/p>\n\n\n\n<p>As imagens registradas indicam que os atos de viol\u00eancia foram uma continua\u00e7\u00e3o dos ataques realizados por manifestantes mu\u00e7ulmanos e \u00e1rabes contra&nbsp;<a href=\"https:\/\/guiame.com.br\/gospel\/israel\/torcedores-de-futebol-israelenses-sao-alvos-de-violencia-na-holanda-caca-aos-judeus.html\"><strong>torcedores de&nbsp;futebol israelenses<\/strong><\/a>, na noite de 7 de novembro.<\/p>\n\n\n\n<p>Autoridades israelenses relataram que 10 pessoas ficaram feridas durante a viol\u00eancia de gangues \u00e1rabes e mu\u00e7ulmanas contra torcedores do Maccabi Tel Aviv.<\/p>\n\n\n\n<p>Centenas de israelenses se refugiaram em seus hoteis por horas, temendo ataques. Testemunhas afirmaram que as for\u00e7as de seguran\u00e7a holandesas estavam ausentes, enquanto os turistas israelenses foram emboscados por agressores mascarados que gritavam slogans pr\u00f3-palestinos e anti-Israel, enquanto os ca\u00e7avam, espancavam e assediavam.<\/p>\n\n\n\n<p><a href=\"https:\/\/www.instagram.com\/reel\/DCZXPD1tHEu\/?utm_source=ig_embed&amp;ig_rid=bf5d6fa9-3f86-40fb-b481-9f8f7b50cc43\">https:\/\/www.instagram.com\/reel\/DCZXPD1tHEu\/?utm_source=ig_embed&amp;ig_rid=bf5d6fa9-3f86-40fb-b481-9f8f7b50cc43<\/a><\/p>\n","protected":false},"excerpt":{"rendered":"<p>Ap\u00f3s semanas turbulentas em Amsterd\u00e3, na Holanda, com ataques a judeus e manifesta\u00e7\u00f5es antissemitas, um grupo de crist\u00e3os se reuniu na Pra\u00e7a Dam para louvar a Deus e orar por paz, na \u00faltima quinta-feira (14), segundo a&nbsp;Revive. A pra\u00e7a, que foi palco de viol\u00eancia dias atr\u00e1s, se tornou um altar de adora\u00e7\u00e3o ao Senhor. O [&hellip;]<\/p>\n","protected":false},"author":2,"featured_media":21069,"comment_status":"open","ping_status":"open","sticky":false,"template":"","format":"standard","meta":[],"categories":[12,5],"tags":[],"_links":{"self":[{"href":"https:\/\/dgospel.com.br\/portal\/index.php\/wp-json\/wp\/v2\/posts\/21068"}],"collection":[{"href":"https:\/\/dgospel.com.br\/portal\/index.php\/wp-json\/wp\/v2\/posts"}],"about":[{"href":"https:\/\/dgospel.com.br\/portal\/index.php\/wp-json\/wp\/v2\/types\/post"}],"author":[{"embeddable":true,"href":"https:\/\/dgospel.com.br\/portal\/index.php\/wp-json\/wp\/v2\/users\/2"}],"replies":[{"embeddable":true,"href":"https:\/\/dgospel.com.br\/portal\/index.php\/wp-json\/wp\/v2\/comments?post=21068"}],"version-history":[{"count":1,"href":"https:\/\/dgospel.com.br\/portal\/index.php\/wp-json\/wp\/v2\/posts\/21068\/revisions"}],"predecessor-version":[{"id":21070,"href":"https:\/\/dgospel.com.br\/portal\/index.php\/wp-json\/wp\/v2\/posts\/21068\/revisions\/21070"}],"wp:featuredmedia":[{"embeddable":true,"href":"https:\/\/dgospel.com.br\/portal\/index.php\/wp-json\/wp\/v2\/media\/21069"}],"wp:attachment":[{"href":"https:\/\/dgospel.com.br\/portal\/index.php\/wp-json\/wp\/v2\/media?parent=21068"}],"wp:term":[{"taxonomy":"category","embeddable":true,"href":"https:\/\/dgospel.com.br\/portal\/index.php\/wp-json\/wp\/v2\/categories?post=21068"},{"taxonomy":"post_tag","embeddable":true,"href":"https:\/\/dgospel.com.br\/portal\/index.php\/wp-json\/wp\/v2\/tags?post=21068"}],"curies":[{"name":"wp","href":"https:\/\/api.w.org\/{rel}","templated":true}]}}