{"id":21074,"date":"2024-11-18T16:41:54","date_gmt":"2024-11-18T19:41:54","guid":{"rendered":"https:\/\/dgospel.com.br\/portal\/?p=21074"},"modified":"2024-11-18T16:41:56","modified_gmt":"2024-11-18T19:41:56","slug":"cristaos-marcham-para-jesus-nas-ruas-da-india-nenhum-lugar-e-dificil-para-deus","status":"publish","type":"post","link":"https:\/\/dgospel.com.br\/portal\/index.php\/2024\/11\/18\/cristaos-marcham-para-jesus-nas-ruas-da-india-nenhum-lugar-e-dificil-para-deus\/","title":{"rendered":"Crist\u00e3os marcham para Jesus nas ruas da \u00cdndia: \u2018Nenhum lugar \u00e9 dif\u00edcil para Deus\u2019"},"content":{"rendered":"\n<p>Um grupo de crist\u00e3os realizou uma Marcha para Jesus na&nbsp;<a href=\"https:\/\/guiame.com.br\/gospel\/missoes-acao-social\/igreja-na-india-e-atacada-pedradas-por-grupo-de-200-pessoas.html\"><strong>\u00cdndia<\/strong><\/a>, no domingo (17). Liderados pelo evangelista americano<a href=\"https:\/\/guiame.com.br\/gospel\/mundo-cristao\/mais-de-200-pessoas-foram-libertas-de-suicidio-e-depressao-em-evento-evangelistico.html\"><strong>&nbsp;Sean Feucht<\/strong><\/a>, os participantes caminharam pelas ruas com um caminh\u00e3o de som, anunciando Jesus.<\/p>\n\n\n\n<p>Os crist\u00e3os indianos marcharam com bandeiras e adoraram ao Senhor com m\u00fasica e dan\u00e7a. Em cima do caminh\u00e3o, uma banda acompanhou os louvores ministrados por Sean.<\/p>\n\n\n\n<p>Em seguida, o grupo estacionou o caminh\u00e3o e pregou o Evangelho em um local p\u00fablico. \u201cA \u00cdndia agora \u00e9 a na\u00e7\u00e3o com a maior popula\u00e7\u00e3o na hist\u00f3ria. Declaramos que a \u00cdndia em breve ser\u00e1 a Igreja de crescimento mais r\u00e1pido na hist\u00f3ria do mundo\u201d, afirmou Sean, no evento.<\/p>\n\n\n\n<p>No mesmo dia, Sean Feucht foi convidado para se encontrar com o governador do estado onde a Marcha para Jesus foi realizada.<\/p>\n\n\n\n<p><a href=\"https:\/\/www.instagram.com\/p\/DCerUuJPIpn\/\">https:\/\/www.instagram.com\/p\/DCerUuJPIpn\/<\/a><\/p>\n\n\n\n<p>\u201cDiscutimos tudo, desde a economia \u00e0s elei\u00e7\u00f5es passadas, e at\u00e9 mesmo a persegui\u00e7\u00e3o crist\u00e3 na terra. Eu estava bem exausto, mas Deus me deu uma palavra espec\u00edfica para ele, sua fam\u00edlia e sua na\u00e7\u00e3o nesta temporada que eu acredito que vai acontecer!\u201d, contou Sean.<\/p>\n\n\n\n<p>Na \u00faltima sexta-feira (15), o evangelista tamb\u00e9m ministrou em um culto com centenas de crist\u00e3os locais.<\/p>\n\n\n\n<p>\u201cQuero declarar isto sobre voc\u00eas: Senhor, obrigado pelas chaves para destrancar portas que ningu\u00e9m pode fechar e fechar portas que ningu\u00e9m pode abrir\u201d, profetizou Sean.<\/p>\n\n\n\n<p>E enfatizou: \u201cDeus est\u00e1 incendiando os cora\u00e7\u00f5es dos crentes nas partes mais n\u00e3o alcan\u00e7adas e perseguidas desta na\u00e7\u00e3o! Nenhum lugar \u00e9 muito dif\u00edcil, muito escuro ou muito perdido para Jesus!\u201d.<\/p>\n\n\n\n<p>A \u201cLight a candle\u201d, a miss\u00e3o humanit\u00e1ria de Sean Feucht, est\u00e1 trabalhando para construir um centro de distribui\u00e7\u00e3o na \u00cdndia. O pr\u00e9dio servir\u00e1 como armaz\u00e9m para guardar suprimentos alimentares, que ser\u00e3o distribu\u00eddos a crian\u00e7as em vulnerabilidade.<\/p>\n\n\n\n<p>O centro tamb\u00e9m ser\u00e1 a sede da miss\u00e3o no pa\u00eds e realizar\u00e1 treinamentos para a Igreja Subterr\u00e2nea indiana.<\/p>\n\n\n\n<p><a href=\"https:\/\/www.instagram.com\/reel\/DCZWa8sBpf6\/?utm_source=ig_embed&amp;ig_rid=31d3b60f-d654-4ab8-b057-b5d1d6d3676e\">https:\/\/www.instagram.com\/reel\/DCZWa8sBpf6\/?utm_source=ig_embed&amp;ig_rid=31d3b60f-d654-4ab8-b057-b5d1d6d3676e<\/a><\/p>\n\n\n\n<p>\u201c\u00c0 medida que a&nbsp;<a href=\"https:\/\/guiame.com.br\/gospel\/missoes-acao-social\/leis-anticonversao-sao-usadas-como-arma-contra-o-evangelho-diz-missionario-na-india.html\"><strong>persegui\u00e7\u00e3o<\/strong><\/a>&nbsp;atinge o auge na \u00cdndia, a palavra do Senhor tem sido mais clara do que nunca: \u2018Compre terras, se aproprie do natural e do sobrenatural, e construa!&#8221;, explicou a miss\u00e3o.<\/p>\n\n\n\n<p>A \u00cdndia ocupa a 11\u00aa posi\u00e7\u00e3o da Lista Mundial da Persegui\u00e7\u00e3o 2024 da Miss\u00e3o Portas Abertas.<\/p>\n","protected":false},"excerpt":{"rendered":"<p>Um grupo de crist\u00e3os realizou uma Marcha para Jesus na&nbsp;\u00cdndia, no domingo (17). Liderados pelo evangelista americano&nbsp;Sean Feucht, os participantes caminharam pelas ruas com um caminh\u00e3o de som, anunciando Jesus. Os crist\u00e3os indianos marcharam com bandeiras e adoraram ao Senhor com m\u00fasica e dan\u00e7a. Em cima do caminh\u00e3o, uma banda acompanhou os louvores ministrados por [&hellip;]<\/p>\n","protected":false},"author":2,"featured_media":21075,"comment_status":"open","ping_status":"open","sticky":false,"template":"","format":"standard","meta":[],"categories":[12,16],"tags":[],"_links":{"self":[{"href":"https:\/\/dgospel.com.br\/portal\/index.php\/wp-json\/wp\/v2\/posts\/21074"}],"collection":[{"href":"https:\/\/dgospel.com.br\/portal\/index.php\/wp-json\/wp\/v2\/posts"}],"about":[{"href":"https:\/\/dgospel.com.br\/portal\/index.php\/wp-json\/wp\/v2\/types\/post"}],"author":[{"embeddable":true,"href":"https:\/\/dgospel.com.br\/portal\/index.php\/wp-json\/wp\/v2\/users\/2"}],"replies":[{"embeddable":true,"href":"https:\/\/dgospel.com.br\/portal\/index.php\/wp-json\/wp\/v2\/comments?post=21074"}],"version-history":[{"count":1,"href":"https:\/\/dgospel.com.br\/portal\/index.php\/wp-json\/wp\/v2\/posts\/21074\/revisions"}],"predecessor-version":[{"id":21076,"href":"https:\/\/dgospel.com.br\/portal\/index.php\/wp-json\/wp\/v2\/posts\/21074\/revisions\/21076"}],"wp:featuredmedia":[{"embeddable":true,"href":"https:\/\/dgospel.com.br\/portal\/index.php\/wp-json\/wp\/v2\/media\/21075"}],"wp:attachment":[{"href":"https:\/\/dgospel.com.br\/portal\/index.php\/wp-json\/wp\/v2\/media?parent=21074"}],"wp:term":[{"taxonomy":"category","embeddable":true,"href":"https:\/\/dgospel.com.br\/portal\/index.php\/wp-json\/wp\/v2\/categories?post=21074"},{"taxonomy":"post_tag","embeddable":true,"href":"https:\/\/dgospel.com.br\/portal\/index.php\/wp-json\/wp\/v2\/tags?post=21074"}],"curies":[{"name":"wp","href":"https:\/\/api.w.org\/{rel}","templated":true}]}}