{"id":21077,"date":"2024-11-18T16:44:47","date_gmt":"2024-11-18T19:44:47","guid":{"rendered":"https:\/\/dgospel.com.br\/portal\/?p=21077"},"modified":"2024-11-18T16:45:24","modified_gmt":"2024-11-18T19:45:24","slug":"despesas-de-pessoal-do-governo-lula-atingem-maior-nivel-desde-2008","status":"publish","type":"post","link":"https:\/\/dgospel.com.br\/portal\/index.php\/2024\/11\/18\/despesas-de-pessoal-do-governo-lula-atingem-maior-nivel-desde-2008\/","title":{"rendered":"Despesas de pessoal do governo Lula atingem maior n\u00edvel desde 2008"},"content":{"rendered":"\n<p>As despesas com pessoal do governo federal alcan\u00e7aram o maior valor da s\u00e9rie hist\u00f3rica do Painel Estat\u00edstico de Pessoal: R$ 382,2 bilh\u00f5es nos 12 meses encerrados em outubro de 2024. O montante representa um aumento real de 8% em rela\u00e7\u00e3o ao mesmo per\u00edodo de 2023, j\u00e1 descontada a infla\u00e7\u00e3o. O valor abrange gastos com servidores ativos, aposentados e pensionistas.<\/p>\n\n\n\n<p>Este salto nos gastos ocorre em um cen\u00e1rio de dificuldade para conter despesas p\u00fablicas. Desde maio, as contas do governo t\u00eam registrado d\u00e9ficits prim\u00e1rios, resultado de um desequil\u00edbrio entre receitas e despesas, exclu\u00eddos os custos com juros da d\u00edvida p\u00fablica.<\/p>\n\n\n\n<p>Segundo os dados mais recentes, o governo federal contava, em outubro, com 1,2 milh\u00e3o de servidores. Deste total, 47,1% estavam na ativa, 32,9% eram aposentados, e o restante estava vinculado a regimes de pens\u00e3o. Em rela\u00e7\u00e3o ao ano anterior, as despesas por servidor aumentaram 7,7%, reflexo de reajustes e crescimento das remunera\u00e7\u00f5es.<\/p>\n\n\n\n<p>O levantamento revelou ainda uma disparidade nos sal\u00e1rios: enquanto o menor vencimento no servi\u00e7o p\u00fablico federal era de R$ 1,5 mil, os maiores sal\u00e1rios ultrapassavam R$ 33,7 mil.<\/p>\n\n\n\n<p>O crescimento dos gastos com pessoal preocupa especialistas e integrantes do governo. A ministra do Planejamento e Or\u00e7amento, Simone Tebet, criticou os chamados \u201csupersal\u00e1rios\u201d \u2013 remunera\u00e7\u00f5es que ultrapassam o teto constitucional. Em declara\u00e7\u00f5es recentes, Tebet classificou tais pagamentos como \u201cilegais e imorais\u201d e destacou que eles representam um entrave ao equil\u00edbrio fiscal.<\/p>\n\n\n\n<p>Al\u00e9m disso, a ado\u00e7\u00e3o de mecanismos como o pagamento de verbas indenizat\u00f3rias \u2013 conhecidas como \u201cpenduricalhos\u201d \u2013 sem a limita\u00e7\u00e3o do teto constitucional tem ampliado os custos. Um projeto de lei em discuss\u00e3o permite a continuidade dessas pr\u00e1ticas, reduzindo as possibilidades de economias estimadas em at\u00e9 R$ 4 bilh\u00f5es.<\/p>\n\n\n\n<p>Enquanto tenta controlar o aumento das despesas, o governo federal discute um reajuste de at\u00e9 30% para servidores em cargos comissionados e fun\u00e7\u00f5es gratificadas. Desde 2023, foi concedido um reajuste de 9% ao funcionalismo p\u00fablico, mas sem atingir os sal\u00e1rios de ocupantes de cargos de confian\u00e7a.<\/p>\n\n\n\n<p>As crescentes despesas com pessoal refor\u00e7am os desafios do governo em promover uma reforma administrativa efetiva, enquanto o d\u00e9ficit fiscal e o aumento hist\u00f3rico nos gastos se tornam pontos centrais no debate sobre o futuro da pol\u00edtica or\u00e7ament\u00e1ria brasileira.<ins><\/ins><\/p>\n","protected":false},"excerpt":{"rendered":"<p>As despesas com pessoal do governo federal alcan\u00e7aram o maior valor da s\u00e9rie hist\u00f3rica do Painel Estat\u00edstico de Pessoal: R$ 382,2 bilh\u00f5es nos 12 meses encerrados em outubro de 2024. O montante representa um aumento real de 8% em rela\u00e7\u00e3o ao mesmo per\u00edodo de 2023, j\u00e1 descontada a infla\u00e7\u00e3o. O valor abrange gastos com servidores [&hellip;]<\/p>\n","protected":false},"author":2,"featured_media":21078,"comment_status":"open","ping_status":"open","sticky":false,"template":"","format":"standard","meta":[],"categories":[4],"tags":[],"_links":{"self":[{"href":"https:\/\/dgospel.com.br\/portal\/index.php\/wp-json\/wp\/v2\/posts\/21077"}],"collection":[{"href":"https:\/\/dgospel.com.br\/portal\/index.php\/wp-json\/wp\/v2\/posts"}],"about":[{"href":"https:\/\/dgospel.com.br\/portal\/index.php\/wp-json\/wp\/v2\/types\/post"}],"author":[{"embeddable":true,"href":"https:\/\/dgospel.com.br\/portal\/index.php\/wp-json\/wp\/v2\/users\/2"}],"replies":[{"embeddable":true,"href":"https:\/\/dgospel.com.br\/portal\/index.php\/wp-json\/wp\/v2\/comments?post=21077"}],"version-history":[{"count":1,"href":"https:\/\/dgospel.com.br\/portal\/index.php\/wp-json\/wp\/v2\/posts\/21077\/revisions"}],"predecessor-version":[{"id":21079,"href":"https:\/\/dgospel.com.br\/portal\/index.php\/wp-json\/wp\/v2\/posts\/21077\/revisions\/21079"}],"wp:featuredmedia":[{"embeddable":true,"href":"https:\/\/dgospel.com.br\/portal\/index.php\/wp-json\/wp\/v2\/media\/21078"}],"wp:attachment":[{"href":"https:\/\/dgospel.com.br\/portal\/index.php\/wp-json\/wp\/v2\/media?parent=21077"}],"wp:term":[{"taxonomy":"category","embeddable":true,"href":"https:\/\/dgospel.com.br\/portal\/index.php\/wp-json\/wp\/v2\/categories?post=21077"},{"taxonomy":"post_tag","embeddable":true,"href":"https:\/\/dgospel.com.br\/portal\/index.php\/wp-json\/wp\/v2\/tags?post=21077"}],"curies":[{"name":"wp","href":"https:\/\/api.w.org\/{rel}","templated":true}]}}