{"id":21080,"date":"2024-11-18T16:54:32","date_gmt":"2024-11-18T19:54:32","guid":{"rendered":"https:\/\/dgospel.com.br\/portal\/?p=21080"},"modified":"2024-11-18T16:54:34","modified_gmt":"2024-11-18T19:54:34","slug":"em-abertura-do-g20-lula-mente-sobre-dados-da-fome-no-brasil","status":"publish","type":"post","link":"https:\/\/dgospel.com.br\/portal\/index.php\/2024\/11\/18\/em-abertura-do-g20-lula-mente-sobre-dados-da-fome-no-brasil\/","title":{"rendered":"Em abertura do G20, Lula mente sobre dados da fome no Brasil"},"content":{"rendered":"\n<p>Durante a abertura do primeiro dia da C\u00fapula de L\u00edderes do G20 nesta segunda-feira (18), o presidente Lula (PT) voltou a passar dados falsos sobre ter acabado com a fome no Brasil.<\/p>\n\n\n\n<p>\u2013 Conseguimos sair do Mapa da Fome da FAO em 2014, para o qual voltamos em 2022, em um contexto de desarticula\u00e7\u00e3o do Estado de bem-estar social. Foi com tristeza que, ao voltar ao governo, encontrei um pa\u00eds com 33 milh\u00f5es de pessoas famintas \u2014 declarou.<\/p>\n\n\n\n<p>E continuou:<\/p>\n\n\n\n<p>\u2013 Em um ano e 11 meses, o retorno desses programas j\u00e1 retirou mais de 24,5 milh\u00f5es de pessoas da extrema pobreza. At\u00e9 2026, novamente sairemos do Mapa da Fome.<\/p>\n\n\n\n<p>Os n\u00fameros compartilhados pelo petista foram divulgados pela Rede Brasileira de Pesquisa em Soberania e Seguran\u00e7a Alimentar e Nutricional (Pessan) em junho de 2022 no 2\u00ba Inqu\u00e9rito Nacional sobre Inseguran\u00e7a Alimentar no Contexto da Pandemia da Covid-19 no Brasil. Esses dados trazem, por\u00e9m, alguns erros.<\/p>\n\n\n\n<p>Feita entre novembro de 2021 e abril de 2022, com 12.745 domic\u00edlios visitados, a pesquisa apontou que 15% dos brasileiros, o correspondente a 33 milh\u00f5es de pessoas, enfrentam inseguran\u00e7a alimentar. Para chegar nessa conclus\u00e3o, os entrevistados responderam oito perguntas; todavia, a amostra do estudo \u00e9 question\u00e1vel e n\u00e3o traz informa\u00e7\u00f5es detalhadas.<\/p>\n\n\n\n<p>Os dados da ONU s\u00e3o bem menores do que o exposto pelo presidente brasileiro: entre os anos de 2021 e 2023, cerca de 8,4 milh\u00f5es de pessoas passavam fome no Brasil. Esse estudo usa dados de cinco ag\u00eancias ligadas \u00e0 ONU. O mesmo relat\u00f3rio fala que 39,7 milh\u00f5es de pessoas vivem em inseguran\u00e7a alimentar e 14,3 milh\u00f5es vivem em estado severo de fome.<\/p>\n\n\n\n<p><strong>Assista:<\/strong><\/p>\n\n\n\n<p><a href=\"https:\/\/www.instagram.com\/reel\/DChbsM8tCEK\/?utm_source=ig_embed&amp;utm_campaign=loading\">https:\/\/www.instagram.com\/reel\/DChbsM8tCEK\/?utm_source=ig_embed&amp;utm_campaign=loading<\/a><\/p>\n\n\n\n<p><\/p>\n","protected":false},"excerpt":{"rendered":"<p>Durante a abertura do primeiro dia da C\u00fapula de L\u00edderes do G20 nesta segunda-feira (18), o presidente Lula (PT) voltou a passar dados falsos sobre ter acabado com a fome no Brasil. \u2013 Conseguimos sair do Mapa da Fome da FAO em 2014, para o qual voltamos em 2022, em um contexto de desarticula\u00e7\u00e3o do [&hellip;]<\/p>\n","protected":false},"author":2,"featured_media":21081,"comment_status":"open","ping_status":"open","sticky":false,"template":"","format":"standard","meta":[],"categories":[4],"tags":[],"_links":{"self":[{"href":"https:\/\/dgospel.com.br\/portal\/index.php\/wp-json\/wp\/v2\/posts\/21080"}],"collection":[{"href":"https:\/\/dgospel.com.br\/portal\/index.php\/wp-json\/wp\/v2\/posts"}],"about":[{"href":"https:\/\/dgospel.com.br\/portal\/index.php\/wp-json\/wp\/v2\/types\/post"}],"author":[{"embeddable":true,"href":"https:\/\/dgospel.com.br\/portal\/index.php\/wp-json\/wp\/v2\/users\/2"}],"replies":[{"embeddable":true,"href":"https:\/\/dgospel.com.br\/portal\/index.php\/wp-json\/wp\/v2\/comments?post=21080"}],"version-history":[{"count":1,"href":"https:\/\/dgospel.com.br\/portal\/index.php\/wp-json\/wp\/v2\/posts\/21080\/revisions"}],"predecessor-version":[{"id":21082,"href":"https:\/\/dgospel.com.br\/portal\/index.php\/wp-json\/wp\/v2\/posts\/21080\/revisions\/21082"}],"wp:featuredmedia":[{"embeddable":true,"href":"https:\/\/dgospel.com.br\/portal\/index.php\/wp-json\/wp\/v2\/media\/21081"}],"wp:attachment":[{"href":"https:\/\/dgospel.com.br\/portal\/index.php\/wp-json\/wp\/v2\/media?parent=21080"}],"wp:term":[{"taxonomy":"category","embeddable":true,"href":"https:\/\/dgospel.com.br\/portal\/index.php\/wp-json\/wp\/v2\/categories?post=21080"},{"taxonomy":"post_tag","embeddable":true,"href":"https:\/\/dgospel.com.br\/portal\/index.php\/wp-json\/wp\/v2\/tags?post=21080"}],"curies":[{"name":"wp","href":"https:\/\/api.w.org\/{rel}","templated":true}]}}