{"id":21092,"date":"2024-11-19T11:47:12","date_gmt":"2024-11-19T14:47:12","guid":{"rendered":"https:\/\/dgospel.com.br\/portal\/?p=21092"},"modified":"2024-11-19T11:47:14","modified_gmt":"2024-11-19T14:47:14","slug":"governo-do-tocantins-articula-criacao-de-centro-especializado-para-pessoas-com-transtorno-do-espectro-autista","status":"publish","type":"post","link":"https:\/\/dgospel.com.br\/portal\/index.php\/2024\/11\/19\/governo-do-tocantins-articula-criacao-de-centro-especializado-para-pessoas-com-transtorno-do-espectro-autista\/","title":{"rendered":"Governo do Tocantins articula cria\u00e7\u00e3o de centro especializado para pessoas com Transtorno do Espectro Autista"},"content":{"rendered":"\n<p>O Governo do Tocantins recebeu na tarde dessa segunda-feira, 18, o Instituto Nacional de Desenvolvimento Social e Humano (INDSH), para debater a cria\u00e7\u00e3o, na Capital, de um centro especializado para a assist\u00eancia \u00e0s pessoas com Transtorno do Espectro Autista (TEA). O encontro ocorreu no Pal\u00e1cio Araguaia Governador Jos\u00e9 Wilson Siqueira Campos e o secret\u00e1rio-chefe da Casa Civil, Deocleciano Gomes Filho, representou o governador Wanderlei Barbosa, e o deputado estadual L\u00e9o Barbosa, representou a Assembleia Legislativa (Aleto).<\/p>\n\n\n\n<p>\u201cO governador Wanderlei Barbosa tem como prop\u00f3sito a cria\u00e7\u00e3o de um complexo voltado ao atendimento de pessoas que necessitam de cuidados especiais. Com esse objetivo, reunimos representantes do Governo do Tocantins para iniciar a elabora\u00e7\u00e3o de um projeto vi\u00e1vel em parceria com o Instituto Nacional de Desenvolvimento Social e Humano, uma entidade filantr\u00f3pica e sem fins lucrativos\u201d, destacou o secret\u00e1rio-chefe da Casa Civil, Deocleciano Gomes Filho.<\/p>\n\n\n\n<p>Durante a reuni\u00e3o, o secret\u00e1rio da Sa\u00fade (Ses), Carlos Felinto, ressaltou que a pasta j\u00e1 avan\u00e7ou nas discuss\u00f5es sobre o projeto com o INDSH e que a expectativa \u00e9 iniciar sua implementa\u00e7\u00e3o em 2025, ap\u00f3s a conclus\u00e3o de todas as etapas necess\u00e1rias para viabiliz\u00e1-lo. \u201cEstamos desenvolvendo um projeto em parceria com uma entidade que possui ampla experi\u00eancia em reabilita\u00e7\u00e3o intelectual e f\u00edsica. Neste momento, nosso foco est\u00e1 na reabilita\u00e7\u00e3o intelectual, com o objetivo de estruturar um servi\u00e7o de refer\u00eancia no Tocantins. A previs\u00e3o \u00e9 que, no in\u00edcio do pr\u00f3ximo ano, avancemos com a formaliza\u00e7\u00e3o do contrato e a execu\u00e7\u00e3o do projeto\u201d, explicou.<\/p>\n\n\n\n<p>O presidente-executivo do Instituto Nacional de Desenvolvimento Social e Humano (INDSH), Jos\u00e9 Carlos Rizoli, pontuou que a entidade j\u00e1 est\u00e1 consolidada no Brasil, presente em v\u00e1rios estados com mais de 10 mil colaboradores. \u201cTemos hospitais grandes e m\u00e9dios, al\u00e9m de Unidade de Pronto Atendimento. Administramos e fazemos gest\u00e3o de todos eles. No caso do Tocantins, estamos especialmente felizes com a possibilidade de contribuir, pois percebemos que o Estado j\u00e1 reconheceu a import\u00e2ncia de criar um centro especializado para o atendimento de pessoas com Transtorno do Espectro Autista\u201d, afirmou.<\/p>\n\n\n\n<p>Para o deputado estadual L\u00e9o Barbosa, o INDSH j\u00e1 \u00e9 refer\u00eancia na presta\u00e7\u00e3o de servi\u00e7os em sa\u00fade, atendendo em muitos munic\u00edpios por todo pa\u00eds. \u201cRecebemos aqui representantes de uma entidade que cuida de 16 hospitais no pa\u00eds e que \u00e9 refer\u00eancia no cuidado, na inclus\u00e3o, na reabilita\u00e7\u00e3o da pessoa que necessita de cuidados especiais. N\u00f3s estamos formatando um projeto fant\u00e1stico com o aval do governador Wanderlei Barbosa, que nos deu total condi\u00e7\u00e3o de discutir e de abrir as portas do Governo do Tocantins para que isso possa ocorrer de fato. Nossa expectativa \u00e9 que j\u00e1 no pr\u00f3ximo ano possamos transformar esse projeto em realidade, colocando o Tocantins como refer\u00eancia em acolhimento, inclus\u00e3o e reabilita\u00e7\u00e3o para todo o pa\u00eds\u201d, ressaltou.<br><br><strong>INDSH<\/strong><br><br>Atuando desde a d\u00e9cada de 1950, o Instituto Nacional de Desenvolvimento Social e Humano (INDSH) \u00e9 uma Organiza\u00e7\u00e3o Social de Sa\u00fade (OSS) focada na gest\u00e3o de hospitais, cl\u00ednicas, unidades de refer\u00eancia e de pronto-atendimento, prestando servi\u00e7os nas \u00e1reas de assist\u00eancia social e de sa\u00fade, na promo\u00e7\u00e3o do bem-estar do paciente e de uma boa gest\u00e3o m\u00e9dico-hospitalar.<\/p>\n\n\n\n<p><img src=\"https:\/\/central.to.gov.br\/image\/401101?w=670&amp;h=383\"><\/p>\n\n\n\n<p>Secret\u00e1rio-chefe da Casa Civil, Deocleciano Filho, recebe membros do Governo do Tocantins e do INDSH para planejar a cria\u00e7\u00e3o do centro especializado para pessoas com TEA &#8211; Esequias Ara\u00fajo\/Governo do Tocantins&nbsp;<a href=\"https:\/\/central.to.gov.br\/image\/401101?f=1\" target=\"_blank\" rel=\"noreferrer noopener\"><em>file_download<\/em><\/a><\/p>\n\n\n\n<p><img src=\"https:\/\/central.to.gov.br\/image\/401103?w=670&amp;h=383\"><\/p>\n\n\n\n<p>Reuni\u00e3o entre Governo do Tocantins e INDSH marca o in\u00edcio das tratativas para a constru\u00e7\u00e3o de um centro de refer\u00eancia no atendimento ao Transtorno do Espectro Autista &#8211; Esequias Ara\u00fajo\/Governo do Tocantins&nbsp;<a href=\"https:\/\/central.to.gov.br\/image\/401103?f=1\" target=\"_blank\" rel=\"noreferrer noopener\"><em>file_download<\/em><\/a><\/p>\n\n\n\n<p><img src=\"https:\/\/central.to.gov.br\/image\/401108?w=670&amp;h=383\"><\/p>\n\n\n\n<p>Secret\u00e1rio-chefe da Casa Civil, Deocleciano Gomes Filho, destacou que governador Wanderlei Barbosa tem como prop\u00f3sito a cria\u00e7\u00e3o de um complexo voltado ao atendimento de pessoas que necessitam de cuidados especiais &#8211; Esequias Ara\u00fajo\/Governo do Tocantins&nbsp;<a href=\"https:\/\/central.to.gov.br\/image\/401108?f=1\" target=\"_blank\" rel=\"noreferrer noopener\"><em>file_download<\/em><\/a><\/p>\n\n\n\n<p><img src=\"https:\/\/central.to.gov.br\/image\/401102?w=670&amp;h=383\"><\/p>\n\n\n\n<p>Secret\u00e1rio da Sa\u00fade, Carlos Felinto, fala do andamento das discuss\u00f5es sobre o projeto, que deve ser iniciado em 2025 &#8211; Esequias Ara\u00fajo\/Governo do Tocantins&nbsp;<a href=\"https:\/\/central.to.gov.br\/image\/401102?f=1\" target=\"_blank\" rel=\"noreferrer noopener\"><em>file_download<\/em><\/a><\/p>\n\n\n\n<p><img src=\"https:\/\/central.to.gov.br\/image\/401099?w=670&amp;h=383\"><\/p>\n\n\n\n<p>Presidente-executivo do INDSH, Jos\u00e9 Carlos Rizoli, refor\u00e7a o compromisso da entidade com a cria\u00e7\u00e3o de um centro especializado no Tocantins &#8211; Esequias Ara\u00fajo\/Governo do Tocantins&nbsp;<a href=\"https:\/\/central.to.gov.br\/image\/401099?f=1\" target=\"_blank\" rel=\"noreferrer noopener\"><em>file_download<\/em><\/a><\/p>\n\n\n\n<p><img src=\"https:\/\/central.to.gov.br\/image\/401113?w=670&amp;h=383\"><\/p>\n\n\n\n<p>Encontro ocorreu no Pal\u00e1cio Araguaia Governador Jos\u00e9 Wilson Siqueira Campos nessa segunda-feira, 18 &#8211; Esequias Ara\u00fajo\/Governo do Tocantins&nbsp;<a href=\"https:\/\/central.to.gov.br\/image\/401113?f=1\" target=\"_blank\" rel=\"noreferrer noopener\"><em>file_download<\/em><\/a><\/p>\n","protected":false},"excerpt":{"rendered":"<p>O Governo do Tocantins recebeu na tarde dessa segunda-feira, 18, o Instituto Nacional de Desenvolvimento Social e Humano (INDSH), para debater a cria\u00e7\u00e3o, na Capital, de um centro especializado para a assist\u00eancia \u00e0s pessoas com Transtorno do Espectro Autista (TEA). O encontro ocorreu no Pal\u00e1cio Araguaia Governador Jos\u00e9 Wilson Siqueira Campos e o secret\u00e1rio-chefe da [&hellip;]<\/p>\n","protected":false},"author":2,"featured_media":21093,"comment_status":"open","ping_status":"open","sticky":false,"template":"","format":"standard","meta":[],"categories":[3],"tags":[13],"_links":{"self":[{"href":"https:\/\/dgospel.com.br\/portal\/index.php\/wp-json\/wp\/v2\/posts\/21092"}],"collection":[{"href":"https:\/\/dgospel.com.br\/portal\/index.php\/wp-json\/wp\/v2\/posts"}],"about":[{"href":"https:\/\/dgospel.com.br\/portal\/index.php\/wp-json\/wp\/v2\/types\/post"}],"author":[{"embeddable":true,"href":"https:\/\/dgospel.com.br\/portal\/index.php\/wp-json\/wp\/v2\/users\/2"}],"replies":[{"embeddable":true,"href":"https:\/\/dgospel.com.br\/portal\/index.php\/wp-json\/wp\/v2\/comments?post=21092"}],"version-history":[{"count":1,"href":"https:\/\/dgospel.com.br\/portal\/index.php\/wp-json\/wp\/v2\/posts\/21092\/revisions"}],"predecessor-version":[{"id":21094,"href":"https:\/\/dgospel.com.br\/portal\/index.php\/wp-json\/wp\/v2\/posts\/21092\/revisions\/21094"}],"wp:featuredmedia":[{"embeddable":true,"href":"https:\/\/dgospel.com.br\/portal\/index.php\/wp-json\/wp\/v2\/media\/21093"}],"wp:attachment":[{"href":"https:\/\/dgospel.com.br\/portal\/index.php\/wp-json\/wp\/v2\/media?parent=21092"}],"wp:term":[{"taxonomy":"category","embeddable":true,"href":"https:\/\/dgospel.com.br\/portal\/index.php\/wp-json\/wp\/v2\/categories?post=21092"},{"taxonomy":"post_tag","embeddable":true,"href":"https:\/\/dgospel.com.br\/portal\/index.php\/wp-json\/wp\/v2\/tags?post=21092"}],"curies":[{"name":"wp","href":"https:\/\/api.w.org\/{rel}","templated":true}]}}