{"id":21095,"date":"2024-11-21T16:35:57","date_gmt":"2024-11-21T19:35:57","guid":{"rendered":"https:\/\/dgospel.com.br\/portal\/?p=21095"},"modified":"2024-11-21T16:35:58","modified_gmt":"2024-11-21T19:35:58","slug":"agente-da-pf-preso-por-suposta-trama-contra-lula-atuou-no-governo-do-pt-na-bahia","status":"publish","type":"post","link":"https:\/\/dgospel.com.br\/portal\/index.php\/2024\/11\/21\/agente-da-pf-preso-por-suposta-trama-contra-lula-atuou-no-governo-do-pt-na-bahia\/","title":{"rendered":"Agente da PF Preso por Suposta Trama Contra Lula Atuou no Governo do PT na Bahia"},"content":{"rendered":"\n<p>Wladimir Mattos Soares, agente da Pol\u00edcia Federal (PF) preso sob suspeita de envolvimento em um plano para assassinar o ex-presidente Luiz In\u00e1cio Lula da Silva (PT) em 2022, tem uma trajet\u00f3ria profissional que inclui atua\u00e7\u00e3o no governo do PT na Bahia. Entre 2007 e 2008, Soares integrou a intelig\u00eancia da Secretaria de Seguran\u00e7a P\u00fablica do estado, durante a gest\u00e3o de Jaques Wagner, atual l\u00edder do governo no Senado e ent\u00e3o governador baiano.<\/p>\n\n\n\n<p>Ap\u00f3s um ano no cargo, Wladimir deixou a Secretaria de Seguran\u00e7a e retornou \u00e0 Pol\u00edcia Federal, permanecendo em Salvador antes de ser transferido para Bras\u00edlia. Com 22 anos de carreira, ele tamb\u00e9m atuou em outros estados, como Amap\u00e1 e Rio Grande do Sul, sendo considerado por colegas como um profissional competente e discreto, sem manifesta\u00e7\u00f5es p\u00fablicas de car\u00e1ter pol\u00edtico ou extremista.<\/p>\n\n\n\n<p>A pris\u00e3o de Wladimir causou surpresa entre integrantes da PF. \u201cSe ele era bolsonarista, n\u00e3o assumia porque n\u00e3o havia nenhum tipo de conversa sobre isso com a gente. Eu n\u00e3o via nada em rede social\u201d, declarou um colega do agente ao site&nbsp;<strong>Metr\u00f3poles<\/strong>, sob condi\u00e7\u00e3o de anonimato.<\/p>\n\n\n\n<p>Al\u00e9m de sua atua\u00e7\u00e3o na Bahia, Wladimir esteve envolvido em um caso controverso em 2005, relacionado \u00e0 morte de Evaldo Soares Lopes Junior, policial militar acusado de comandar um grupo de exterm\u00ednio no Rio de Janeiro. Durante uma opera\u00e7\u00e3o da PF, Evaldo foi morto em sua resid\u00eancia ap\u00f3s troca de tiros com os agentes. Wladimir e os demais policiais foram absolvidos sob alega\u00e7\u00e3o de leg\u00edtima defesa.<\/p>\n","protected":false},"excerpt":{"rendered":"<p>Wladimir Mattos Soares, agente da Pol\u00edcia Federal (PF) preso sob suspeita de envolvimento em um plano para assassinar o ex-presidente Luiz In\u00e1cio Lula da Silva (PT) em 2022, tem uma trajet\u00f3ria profissional que inclui atua\u00e7\u00e3o no governo do PT na Bahia. Entre 2007 e 2008, Soares integrou a intelig\u00eancia da Secretaria de Seguran\u00e7a P\u00fablica do [&hellip;]<\/p>\n","protected":false},"author":2,"featured_media":21096,"comment_status":"open","ping_status":"open","sticky":false,"template":"","format":"standard","meta":[],"categories":[10],"tags":[13],"_links":{"self":[{"href":"https:\/\/dgospel.com.br\/portal\/index.php\/wp-json\/wp\/v2\/posts\/21095"}],"collection":[{"href":"https:\/\/dgospel.com.br\/portal\/index.php\/wp-json\/wp\/v2\/posts"}],"about":[{"href":"https:\/\/dgospel.com.br\/portal\/index.php\/wp-json\/wp\/v2\/types\/post"}],"author":[{"embeddable":true,"href":"https:\/\/dgospel.com.br\/portal\/index.php\/wp-json\/wp\/v2\/users\/2"}],"replies":[{"embeddable":true,"href":"https:\/\/dgospel.com.br\/portal\/index.php\/wp-json\/wp\/v2\/comments?post=21095"}],"version-history":[{"count":1,"href":"https:\/\/dgospel.com.br\/portal\/index.php\/wp-json\/wp\/v2\/posts\/21095\/revisions"}],"predecessor-version":[{"id":21097,"href":"https:\/\/dgospel.com.br\/portal\/index.php\/wp-json\/wp\/v2\/posts\/21095\/revisions\/21097"}],"wp:featuredmedia":[{"embeddable":true,"href":"https:\/\/dgospel.com.br\/portal\/index.php\/wp-json\/wp\/v2\/media\/21096"}],"wp:attachment":[{"href":"https:\/\/dgospel.com.br\/portal\/index.php\/wp-json\/wp\/v2\/media?parent=21095"}],"wp:term":[{"taxonomy":"category","embeddable":true,"href":"https:\/\/dgospel.com.br\/portal\/index.php\/wp-json\/wp\/v2\/categories?post=21095"},{"taxonomy":"post_tag","embeddable":true,"href":"https:\/\/dgospel.com.br\/portal\/index.php\/wp-json\/wp\/v2\/tags?post=21095"}],"curies":[{"name":"wp","href":"https:\/\/api.w.org\/{rel}","templated":true}]}}