{"id":21101,"date":"2024-11-27T11:57:47","date_gmt":"2024-11-27T14:57:47","guid":{"rendered":"https:\/\/dgospel.com.br\/portal\/?p=21101"},"modified":"2024-11-27T11:57:47","modified_gmt":"2024-11-27T14:57:47","slug":"projeto-de-lei-do-deputado-gipao-propoe-beneficios-para-catadores-materiais-reciclaveis","status":"publish","type":"post","link":"https:\/\/dgospel.com.br\/portal\/index.php\/2024\/11\/27\/projeto-de-lei-do-deputado-gipao-propoe-beneficios-para-catadores-materiais-reciclaveis\/","title":{"rendered":"Projeto de Lei do deputado Gip\u00e3o prop\u00f5e benef\u00edcios para catadores materiais recicl\u00e1veis"},"content":{"rendered":"\n<p>Com o objetivo de promover a organiza\u00e7\u00e3o dos catadores em cooperativas e garantir a inser\u00e7\u00e3o desses trabalhadores em pol\u00edticas p\u00fablicas de habita\u00e7\u00e3o, sa\u00fade, e gera\u00e7\u00e3o de renda, o deputado estadual Gip\u00e3o prop\u00f4s um Projeto de Lei, durante sess\u00e3o ordin\u00e1ria na Assembleia Legislativa, para a cria\u00e7\u00e3o de um programa de Inclus\u00e3o Econ\u00f4mica e Social de Catadores de Materiais Recicl\u00e1veis, denominado PESCAM.<\/p>\n\n\n\n<p>Segundo o parlamentar, a iniciativa vai promover a constru\u00e7\u00e3o de uma sociedade mais justa e sustent\u00e1vel, onde o trabalho dos catadores de recicl\u00e1veis seja devidamente reconhecido e valorizado.<\/p>\n\n\n\n<p>\u201cNossa preocupa\u00e7\u00e3o \u00e9 garantir a esses trabalhadores um futuro com maior estabilidade financeira. Algo extremamente necess\u00e1rio inclusive para diminuir as desigualdades e assegurar a dignidade. O fortalecimento das cooperativas de catadores ter\u00e1 reflexos positivos na economia local, com a gera\u00e7\u00e3o de emprego e renda, e na qualidade de vida da popula\u00e7\u00e3o em geral, com a amplia\u00e7\u00e3o da coleta seletiva e a destina\u00e7\u00e3o correta dos res\u00edduos s\u00f3lidos, indispens\u00e1veis para a preserva\u00e7\u00e3o do meio ambiente\u201d, disse Gip\u00e3o.<\/p>\n\n\n\n<p>A proposta prev\u00ea melhores condi\u00e7\u00f5es de trabalho, incentivo \u00e0 forma\u00e7\u00e3o de cooperativas, capacita\u00e7\u00e3o t\u00e9cnica e administrativa, acesso a linhas de cr\u00e9dito e financiamento para as cooperativas; est\u00edmulo \u00e0 parceria com o poder p\u00fablico e a iniciativa privada; e garantia de acesso a programas de habita\u00e7\u00e3o, sa\u00fade e assist\u00eancia sociais voltadas para a inclus\u00e3o dos catadores.<\/p>\n\n\n\n<p>Segundo dados do Movimento Nacional dos Catadores de Materiais Recicl\u00e1veis (MNCR), o Brasil possui mais de 800 mil catadores, sendo que apenas 30% deles participam de cooperativas.<\/p>\n","protected":false},"excerpt":{"rendered":"<p>Com o objetivo de promover a organiza\u00e7\u00e3o dos catadores em cooperativas e garantir a inser\u00e7\u00e3o desses trabalhadores em pol\u00edticas p\u00fablicas de habita\u00e7\u00e3o, sa\u00fade, e gera\u00e7\u00e3o de renda, o deputado estadual Gip\u00e3o prop\u00f4s um Projeto de Lei, durante sess\u00e3o ordin\u00e1ria na Assembleia Legislativa, para a cria\u00e7\u00e3o de um programa de Inclus\u00e3o Econ\u00f4mica e Social de Catadores [&hellip;]<\/p>\n","protected":false},"author":2,"featured_media":21102,"comment_status":"open","ping_status":"open","sticky":false,"template":"","format":"standard","meta":[],"categories":[8],"tags":[],"_links":{"self":[{"href":"https:\/\/dgospel.com.br\/portal\/index.php\/wp-json\/wp\/v2\/posts\/21101"}],"collection":[{"href":"https:\/\/dgospel.com.br\/portal\/index.php\/wp-json\/wp\/v2\/posts"}],"about":[{"href":"https:\/\/dgospel.com.br\/portal\/index.php\/wp-json\/wp\/v2\/types\/post"}],"author":[{"embeddable":true,"href":"https:\/\/dgospel.com.br\/portal\/index.php\/wp-json\/wp\/v2\/users\/2"}],"replies":[{"embeddable":true,"href":"https:\/\/dgospel.com.br\/portal\/index.php\/wp-json\/wp\/v2\/comments?post=21101"}],"version-history":[{"count":1,"href":"https:\/\/dgospel.com.br\/portal\/index.php\/wp-json\/wp\/v2\/posts\/21101\/revisions"}],"predecessor-version":[{"id":21103,"href":"https:\/\/dgospel.com.br\/portal\/index.php\/wp-json\/wp\/v2\/posts\/21101\/revisions\/21103"}],"wp:featuredmedia":[{"embeddable":true,"href":"https:\/\/dgospel.com.br\/portal\/index.php\/wp-json\/wp\/v2\/media\/21102"}],"wp:attachment":[{"href":"https:\/\/dgospel.com.br\/portal\/index.php\/wp-json\/wp\/v2\/media?parent=21101"}],"wp:term":[{"taxonomy":"category","embeddable":true,"href":"https:\/\/dgospel.com.br\/portal\/index.php\/wp-json\/wp\/v2\/categories?post=21101"},{"taxonomy":"post_tag","embeddable":true,"href":"https:\/\/dgospel.com.br\/portal\/index.php\/wp-json\/wp\/v2\/tags?post=21101"}],"curies":[{"name":"wp","href":"https:\/\/api.w.org\/{rel}","templated":true}]}}